{"id":21617,"date":"2026-02-13T12:17:12","date_gmt":"2026-02-13T11:17:12","guid":{"rendered":"https:\/\/hlwhollabrunn.ac.at\/web2\/?p=21617"},"modified":"2026-02-13T12:17:13","modified_gmt":"2026-02-13T11:17:13","slug":"das-gschichtenbuch-der-schule-2","status":"publish","type":"post","link":"https:\/\/hlwhollabrunn.ac.at\/web2\/das-gschichtenbuch-der-schule-2\/","title":{"rendered":"Das G&#8217;schichtenbuch der Schule"},"content":{"rendered":"\n<p>Am Dienstag kehrte Hofrat Mag. Leopold Mayer an seine alte Wirkungsst\u00e4tte zur\u00fcck. Diesmal nicht als Direktor, sondern als Autor. In einer kurzweiligen Lesung, die vom Buchh\u00e4ndler Alexowsky ausgerichtet und finanziert wurde, pr\u00e4sentierte er nach einem gem\u00fctlichen Sektempfang sein neues Werk &#8218;Das G&#8217;schichtenbuch der Schule&#8216;. Mit seinen darin pr\u00e4sentierten Tipps, Tricks und alltagsnahen Weisheiten zeigt er, wie Schule zu einem Ort des Lachens, Lernens, Freunde findens und Wohlf\u00fchlens wird- oder im Falle der HLW Hollabrunn ein solcher Ort bleibt.<\/p>\n\n\n\n<figure class=\"wp-block-gallery has-nested-images columns-default is-cropped wp-block-gallery-1 is-layout-flex wp-block-gallery-is-layout-flex\">\n<figure class=\"wp-block-image size-large\"><a href=\"https:\/\/hlwhollabrunn.ac.at\/web2\/wp-content\/uploads\/2026\/02\/20260210_150422-scaled.jpg\"><img loading=\"lazy\" decoding=\"async\" width=\"936\" height=\"1248\" data-id=\"21615\" src=\"https:\/\/hlwhollabrunn.ac.at\/web2\/wp-content\/uploads\/2026\/02\/20260210_150422-936x1248.jpg\" alt=\"\" class=\"wp-image-21615\" srcset=\"https:\/\/hlwhollabrunn.ac.at\/web2\/wp-content\/uploads\/2026\/02\/20260210_150422-936x1248.jpg 936w, https:\/\/hlwhollabrunn.ac.at\/web2\/wp-content\/uploads\/2026\/02\/20260210_150422-632x843.jpg 632w, https:\/\/hlwhollabrunn.ac.at\/web2\/wp-content\/uploads\/2026\/02\/20260210_150422-200x267.jpg 200w, https:\/\/hlwhollabrunn.ac.at\/web2\/wp-content\/uploads\/2026\/02\/20260210_150422-768x1024.jpg 768w, https:\/\/hlwhollabrunn.ac.at\/web2\/wp-content\/uploads\/2026\/02\/20260210_150422-1152x1536.jpg 1152w, https:\/\/hlwhollabrunn.ac.at\/web2\/wp-content\/uploads\/2026\/02\/20260210_150422-1536x2048.jpg 1536w, https:\/\/hlwhollabrunn.ac.at\/web2\/wp-content\/uploads\/2026\/02\/20260210_150422-scaled.jpg 1920w\" sizes=\"auto, (max-width: 936px) 100vw, 936px\" \/><\/a><\/figure>\n\n\n\n<figure class=\"wp-block-image size-large\"><a href=\"https:\/\/hlwhollabrunn.ac.at\/web2\/wp-content\/uploads\/2026\/02\/Lesung1-scaled.jpg\"><img loading=\"lazy\" decoding=\"async\" width=\"936\" height=\"1248\" data-id=\"21613\" src=\"https:\/\/hlwhollabrunn.ac.at\/web2\/wp-content\/uploads\/2026\/02\/Lesung1-936x1248.jpg\" alt=\"\" class=\"wp-image-21613\" srcset=\"https:\/\/hlwhollabrunn.ac.at\/web2\/wp-content\/uploads\/2026\/02\/Lesung1-936x1248.jpg 936w, https:\/\/hlwhollabrunn.ac.at\/web2\/wp-content\/uploads\/2026\/02\/Lesung1-632x843.jpg 632w, https:\/\/hlwhollabrunn.ac.at\/web2\/wp-content\/uploads\/2026\/02\/Lesung1-200x267.jpg 200w, https:\/\/hlwhollabrunn.ac.at\/web2\/wp-content\/uploads\/2026\/02\/Lesung1-768x1024.jpg 768w, https:\/\/hlwhollabrunn.ac.at\/web2\/wp-content\/uploads\/2026\/02\/Lesung1-1152x1536.jpg 1152w, https:\/\/hlwhollabrunn.ac.at\/web2\/wp-content\/uploads\/2026\/02\/Lesung1-1536x2048.jpg 1536w, https:\/\/hlwhollabrunn.ac.at\/web2\/wp-content\/uploads\/2026\/02\/Lesung1-scaled.jpg 1920w\" sizes=\"auto, (max-width: 936px) 100vw, 936px\" \/><\/a><\/figure>\n\n\n\n<figure class=\"wp-block-image size-large\"><a href=\"https:\/\/hlwhollabrunn.ac.at\/web2\/wp-content\/uploads\/2026\/02\/Lesung.jpeg\"><img loading=\"lazy\" decoding=\"async\" width=\"936\" height=\"1245\" data-id=\"21612\" src=\"https:\/\/hlwhollabrunn.ac.at\/web2\/wp-content\/uploads\/2026\/02\/Lesung-936x1245.jpeg\" alt=\"\" class=\"wp-image-21612\" srcset=\"https:\/\/hlwhollabrunn.ac.at\/web2\/wp-content\/uploads\/2026\/02\/Lesung-936x1245.jpeg 936w, https:\/\/hlwhollabrunn.ac.at\/web2\/wp-content\/uploads\/2026\/02\/Lesung-632x840.jpeg 632w, https:\/\/hlwhollabrunn.ac.at\/web2\/wp-content\/uploads\/2026\/02\/Lesung-200x266.jpeg 200w, https:\/\/hlwhollabrunn.ac.at\/web2\/wp-content\/uploads\/2026\/02\/Lesung-768x1021.jpeg 768w, https:\/\/hlwhollabrunn.ac.at\/web2\/wp-content\/uploads\/2026\/02\/Lesung-1155x1536.jpeg 1155w, https:\/\/hlwhollabrunn.ac.at\/web2\/wp-content\/uploads\/2026\/02\/Lesung.jpeg 1504w\" sizes=\"auto, (max-width: 936px) 100vw, 936px\" \/><\/a><\/figure>\n<\/figure>\n","protected":false},"excerpt":{"rendered":"<p>Am Dienstag kehrte Hofrat Mag. Leopold Mayer an seine alte Wirkungsst\u00e4tte zur\u00fcck. Diesmal nicht als Direktor, sondern als Autor. In einer kurzweiligen Lesung, die vom &#8230; <\/p>\n<p class=\"read-more-container\"><a title=\"Das G&#8217;schichtenbuch der Schule\" class=\"read-more button\" href=\"https:\/\/hlwhollabrunn.ac.at\/web2\/das-gschichtenbuch-der-schule-2\/#more-21617\" aria-label=\"Mehr Informationen \u00fcber Das G&#8217;schichtenbuch der Schule\">Weiterlesen &#8230;<\/a><\/p>\n","protected":false},"author":4,"featured_media":21616,"comment_status":"closed","ping_status":"closed","sticky":false,"template":"","format":"standard","meta":{"_uag_custom_page_level_css":"","footnotes":""},"categories":[29],"tags":[],"wf_post_folders":[132],"class_list":["post-21617","post","type-post","status-publish","format-standard","has-post-thumbnail","hentry","category-alle-beitraege","masonry-post","generate-columns","tablet-grid-50","mobile-grid-100","grid-parent","grid-50","no-featured-image-padding"],"uagb_featured_image_src":{"full":["https:\/\/hlwhollabrunn.ac.at\/web2\/wp-content\/uploads\/2026\/02\/Design-ohne-Titel-4.png",936,585,false],"thumbnail":["https:\/\/hlwhollabrunn.ac.at\/web2\/wp-content\/uploads\/2026\/02\/Design-ohne-Titel-4-200x125.png",200,125,true],"medium":["https:\/\/hlwhollabrunn.ac.at\/web2\/wp-content\/uploads\/2026\/02\/Design-ohne-Titel-4-632x395.png",632,395,true],"medium_large":["https:\/\/hlwhollabrunn.ac.at\/web2\/wp-content\/uploads\/2026\/02\/Design-ohne-Titel-4-768x480.png",768,480,true],"large":["https:\/\/hlwhollabrunn.ac.at\/web2\/wp-content\/uploads\/2026\/02\/Design-ohne-Titel-4.png",936,585,false],"1536x1536":["https:\/\/hlwhollabrunn.ac.at\/web2\/wp-content\/uploads\/2026\/02\/Design-ohne-Titel-4.png",936,585,false],"2048x2048":["https:\/\/hlwhollabrunn.ac.at\/web2\/wp-content\/uploads\/2026\/02\/Design-ohne-Titel-4.png",936,585,false],"sow-carousel-default":["https:\/\/hlwhollabrunn.ac.at\/web2\/wp-content\/uploads\/2026\/02\/Design-ohne-Titel-4-272x182.png",272,182,true]},"uagb_author_info":{"display_name":"Christina Heimberger","author_link":"https:\/\/hlwhollabrunn.ac.at\/web2\/author\/c_heimberger\/"},"uagb_comment_info":0,"uagb_excerpt":"Am Dienstag kehrte Hofrat Mag. Leopold Mayer an seine alte Wirkungsst\u00e4tte zur\u00fcck. Diesmal nicht als Direktor, sondern als Autor. In einer kurzweiligen Lesung, die vom ... Weiterlesen ...","_links":{"self":[{"href":"https:\/\/hlwhollabrunn.ac.at\/web2\/wp-json\/wp\/v2\/posts\/21617","targetHints":{"allow":["GET"]}}],"collection":[{"href":"https:\/\/hlwhollabrunn.ac.at\/web2\/wp-json\/wp\/v2\/posts"}],"about":[{"href":"https:\/\/hlwhollabrunn.ac.at\/web2\/wp-json\/wp\/v2\/types\/post"}],"author":[{"embeddable":true,"href":"https:\/\/hlwhollabrunn.ac.at\/web2\/wp-json\/wp\/v2\/users\/4"}],"replies":[{"embeddable":true,"href":"https:\/\/hlwhollabrunn.ac.at\/web2\/wp-json\/wp\/v2\/comments?post=21617"}],"version-history":[{"count":1,"href":"https:\/\/hlwhollabrunn.ac.at\/web2\/wp-json\/wp\/v2\/posts\/21617\/revisions"}],"predecessor-version":[{"id":21618,"href":"https:\/\/hlwhollabrunn.ac.at\/web2\/wp-json\/wp\/v2\/posts\/21617\/revisions\/21618"}],"wp:featuredmedia":[{"embeddable":true,"href":"https:\/\/hlwhollabrunn.ac.at\/web2\/wp-json\/wp\/v2\/media\/21616"}],"wp:attachment":[{"href":"https:\/\/hlwhollabrunn.ac.at\/web2\/wp-json\/wp\/v2\/media?parent=21617"}],"wp:term":[{"taxonomy":"category","embeddable":true,"href":"https:\/\/hlwhollabrunn.ac.at\/web2\/wp-json\/wp\/v2\/categories?post=21617"},{"taxonomy":"post_tag","embeddable":true,"href":"https:\/\/hlwhollabrunn.ac.at\/web2\/wp-json\/wp\/v2\/tags?post=21617"},{"taxonomy":"wf_post_folders","embeddable":true,"href":"https:\/\/hlwhollabrunn.ac.at\/web2\/wp-json\/wp\/v2\/wf_post_folders?post=21617"}],"curies":[{"name":"wp","href":"https:\/\/api.w.org\/{rel}","templated":true}]}}