{"id":21173,"date":"2025-09-24T14:08:00","date_gmt":"2025-09-24T13:08:00","guid":{"rendered":"https:\/\/hlwhollabrunn.ac.at\/web2\/?p=21173"},"modified":"2025-09-24T14:09:24","modified_gmt":"2025-09-24T13:09:24","slug":"malaga","status":"publish","type":"post","link":"https:\/\/hlwhollabrunn.ac.at\/web2\/malaga\/","title":{"rendered":"Malaga"},"content":{"rendered":"\n<p>Von 16.-23. September 2025 waren die Spanischgruppen der Klassen 5bhl und 5dhl auf Sprachreise in M\u00e1laga. Os mandamos much\u00edsimos saludos desde M\u00e1laga. Estamos pasando unos d\u00edas estupendos con mucha cultura y mucho sol en Andaluc\u00eda.<\/p>\n\n\n\n<p>Un fuerte abrazo, 5bdhlw\u00a0<\/p>\n\n\n\n<figure class=\"wp-block-gallery has-nested-images columns-default is-cropped wp-block-gallery-1 is-layout-flex wp-block-gallery-is-layout-flex\">\n<figure class=\"wp-block-image size-large\"><a href=\"https:\/\/hlwhollabrunn.ac.at\/web2\/wp-content\/uploads\/2025\/09\/1000095630.jpg\"><img loading=\"lazy\" decoding=\"async\" width=\"936\" height=\"702\" data-id=\"21172\" src=\"https:\/\/hlwhollabrunn.ac.at\/web2\/wp-content\/uploads\/2025\/09\/1000095630-936x702.jpg\" alt=\"\" class=\"wp-image-21172\" srcset=\"https:\/\/hlwhollabrunn.ac.at\/web2\/wp-content\/uploads\/2025\/09\/1000095630-936x702.jpg 936w, https:\/\/hlwhollabrunn.ac.at\/web2\/wp-content\/uploads\/2025\/09\/1000095630-632x474.jpg 632w, https:\/\/hlwhollabrunn.ac.at\/web2\/wp-content\/uploads\/2025\/09\/1000095630-200x150.jpg 200w, https:\/\/hlwhollabrunn.ac.at\/web2\/wp-content\/uploads\/2025\/09\/1000095630-768x576.jpg 768w, https:\/\/hlwhollabrunn.ac.at\/web2\/wp-content\/uploads\/2025\/09\/1000095630-1536x1152.jpg 1536w, https:\/\/hlwhollabrunn.ac.at\/web2\/wp-content\/uploads\/2025\/09\/1000095630.jpg 2048w\" sizes=\"auto, (max-width: 936px) 100vw, 936px\" \/><\/a><\/figure>\n\n\n\n<figure class=\"wp-block-image size-large\"><a href=\"https:\/\/hlwhollabrunn.ac.at\/web2\/wp-content\/uploads\/2025\/09\/1000095626.jpg\"><img loading=\"lazy\" decoding=\"async\" width=\"936\" height=\"702\" data-id=\"21171\" src=\"https:\/\/hlwhollabrunn.ac.at\/web2\/wp-content\/uploads\/2025\/09\/1000095626-936x702.jpg\" alt=\"\" class=\"wp-image-21171\" srcset=\"https:\/\/hlwhollabrunn.ac.at\/web2\/wp-content\/uploads\/2025\/09\/1000095626-936x702.jpg 936w, https:\/\/hlwhollabrunn.ac.at\/web2\/wp-content\/uploads\/2025\/09\/1000095626-632x474.jpg 632w, https:\/\/hlwhollabrunn.ac.at\/web2\/wp-content\/uploads\/2025\/09\/1000095626-200x150.jpg 200w, https:\/\/hlwhollabrunn.ac.at\/web2\/wp-content\/uploads\/2025\/09\/1000095626-768x576.jpg 768w, https:\/\/hlwhollabrunn.ac.at\/web2\/wp-content\/uploads\/2025\/09\/1000095626-1536x1152.jpg 1536w, https:\/\/hlwhollabrunn.ac.at\/web2\/wp-content\/uploads\/2025\/09\/1000095626.jpg 1600w\" sizes=\"auto, (max-width: 936px) 100vw, 936px\" \/><\/a><\/figure>\n\n\n\n<figure class=\"wp-block-image size-large\"><a href=\"https:\/\/hlwhollabrunn.ac.at\/web2\/wp-content\/uploads\/2025\/09\/1000095484-scaled.jpg\"><img loading=\"lazy\" decoding=\"async\" width=\"936\" height=\"702\" data-id=\"21170\" src=\"https:\/\/hlwhollabrunn.ac.at\/web2\/wp-content\/uploads\/2025\/09\/1000095484-936x702.jpg\" alt=\"\" class=\"wp-image-21170\" srcset=\"https:\/\/hlwhollabrunn.ac.at\/web2\/wp-content\/uploads\/2025\/09\/1000095484-936x702.jpg 936w, https:\/\/hlwhollabrunn.ac.at\/web2\/wp-content\/uploads\/2025\/09\/1000095484-632x474.jpg 632w, https:\/\/hlwhollabrunn.ac.at\/web2\/wp-content\/uploads\/2025\/09\/1000095484-200x150.jpg 200w, https:\/\/hlwhollabrunn.ac.at\/web2\/wp-content\/uploads\/2025\/09\/1000095484-768x576.jpg 768w, https:\/\/hlwhollabrunn.ac.at\/web2\/wp-content\/uploads\/2025\/09\/1000095484-1536x1152.jpg 1536w, https:\/\/hlwhollabrunn.ac.at\/web2\/wp-content\/uploads\/2025\/09\/1000095484-2048x1536.jpg 2048w\" sizes=\"auto, (max-width: 936px) 100vw, 936px\" \/><\/a><\/figure>\n<\/figure>\n","protected":false},"excerpt":{"rendered":"<p>Von 16.-23. September 2025 waren die Spanischgruppen der Klassen 5bhl und 5dhl auf Sprachreise in M\u00e1laga. Os mandamos much\u00edsimos saludos desde M\u00e1laga. Estamos pasando unos &#8230; <\/p>\n<p class=\"read-more-container\"><a title=\"Malaga\" class=\"read-more button\" href=\"https:\/\/hlwhollabrunn.ac.at\/web2\/malaga\/#more-21173\" aria-label=\"Mehr Informationen \u00fcber Malaga\">Weiterlesen &#8230;<\/a><\/p>\n","protected":false},"author":4,"featured_media":21174,"comment_status":"closed","ping_status":"closed","sticky":false,"template":"","format":"standard","meta":{"_uag_custom_page_level_css":"","footnotes":""},"categories":[29],"tags":[],"wf_post_folders":[],"class_list":["post-21173","post","type-post","status-publish","format-standard","has-post-thumbnail","hentry","category-alle-beitraege","masonry-post","generate-columns","tablet-grid-50","mobile-grid-100","grid-parent","grid-50","no-featured-image-padding"],"uagb_featured_image_src":{"full":["https:\/\/hlwhollabrunn.ac.at\/web2\/wp-content\/uploads\/2025\/09\/Beitragsbild3.png",936,585,false],"thumbnail":["https:\/\/hlwhollabrunn.ac.at\/web2\/wp-content\/uploads\/2025\/09\/Beitragsbild3-200x125.png",200,125,true],"medium":["https:\/\/hlwhollabrunn.ac.at\/web2\/wp-content\/uploads\/2025\/09\/Beitragsbild3-632x395.png",632,395,true],"medium_large":["https:\/\/hlwhollabrunn.ac.at\/web2\/wp-content\/uploads\/2025\/09\/Beitragsbild3-768x480.png",768,480,true],"large":["https:\/\/hlwhollabrunn.ac.at\/web2\/wp-content\/uploads\/2025\/09\/Beitragsbild3.png",936,585,false],"1536x1536":["https:\/\/hlwhollabrunn.ac.at\/web2\/wp-content\/uploads\/2025\/09\/Beitragsbild3.png",936,585,false],"2048x2048":["https:\/\/hlwhollabrunn.ac.at\/web2\/wp-content\/uploads\/2025\/09\/Beitragsbild3.png",936,585,false],"sow-carousel-default":["https:\/\/hlwhollabrunn.ac.at\/web2\/wp-content\/uploads\/2025\/09\/Beitragsbild3-272x182.png",272,182,true]},"uagb_author_info":{"display_name":"Christina Heimberger","author_link":"https:\/\/hlwhollabrunn.ac.at\/web2\/author\/c_heimberger\/"},"uagb_comment_info":0,"uagb_excerpt":"Von 16.-23. September 2025 waren die Spanischgruppen der Klassen 5bhl und 5dhl auf Sprachreise in M\u00e1laga. Os mandamos much\u00edsimos saludos desde M\u00e1laga. Estamos pasando unos ... Weiterlesen ...","_links":{"self":[{"href":"https:\/\/hlwhollabrunn.ac.at\/web2\/wp-json\/wp\/v2\/posts\/21173","targetHints":{"allow":["GET"]}}],"collection":[{"href":"https:\/\/hlwhollabrunn.ac.at\/web2\/wp-json\/wp\/v2\/posts"}],"about":[{"href":"https:\/\/hlwhollabrunn.ac.at\/web2\/wp-json\/wp\/v2\/types\/post"}],"author":[{"embeddable":true,"href":"https:\/\/hlwhollabrunn.ac.at\/web2\/wp-json\/wp\/v2\/users\/4"}],"replies":[{"embeddable":true,"href":"https:\/\/hlwhollabrunn.ac.at\/web2\/wp-json\/wp\/v2\/comments?post=21173"}],"version-history":[{"count":2,"href":"https:\/\/hlwhollabrunn.ac.at\/web2\/wp-json\/wp\/v2\/posts\/21173\/revisions"}],"predecessor-version":[{"id":21177,"href":"https:\/\/hlwhollabrunn.ac.at\/web2\/wp-json\/wp\/v2\/posts\/21173\/revisions\/21177"}],"wp:featuredmedia":[{"embeddable":true,"href":"https:\/\/hlwhollabrunn.ac.at\/web2\/wp-json\/wp\/v2\/media\/21174"}],"wp:attachment":[{"href":"https:\/\/hlwhollabrunn.ac.at\/web2\/wp-json\/wp\/v2\/media?parent=21173"}],"wp:term":[{"taxonomy":"category","embeddable":true,"href":"https:\/\/hlwhollabrunn.ac.at\/web2\/wp-json\/wp\/v2\/categories?post=21173"},{"taxonomy":"post_tag","embeddable":true,"href":"https:\/\/hlwhollabrunn.ac.at\/web2\/wp-json\/wp\/v2\/tags?post=21173"},{"taxonomy":"wf_post_folders","embeddable":true,"href":"https:\/\/hlwhollabrunn.ac.at\/web2\/wp-json\/wp\/v2\/wf_post_folders?post=21173"}],"curies":[{"name":"wp","href":"https:\/\/api.w.org\/{rel}","templated":true}]}}