{"id":20517,"date":"2025-02-13T09:59:30","date_gmt":"2025-02-13T08:59:30","guid":{"rendered":"https:\/\/hlwhollabrunn.ac.at\/web2\/?p=20517"},"modified":"2025-02-13T09:59:31","modified_gmt":"2025-02-13T08:59:31","slug":"fun4all-2025","status":"publish","type":"post","link":"https:\/\/hlwhollabrunn.ac.at\/web2\/fun4all-2025\/","title":{"rendered":"Fun4All 2025"},"content":{"rendered":"\n<p>Am vorletzten Tag vor den Semesterferien fand traditionell das integrative Gschnas &#8222;Fun4All&#8220; im Stadtsaal Hollabrunn statt.<\/p>\n\n\n\n<p>8 Sch\u00fcler:innen der 3. Jahrg\u00e4nge betreuten gemeinsam mit Frau Prof. S\u00f6llner unser Kuchenbuffet und Herr Prof. Wirthner gestaltete wieder einen grandiosen Showact auf der B\u00fchne.<\/p>\n\n\n\n<h6 class=\"wp-block-heading\">K. Eckl<\/h6>\n","protected":false},"excerpt":{"rendered":"<p>Am vorletzten Tag vor den Semesterferien fand traditionell das integrative Gschnas &#8222;Fun4All&#8220; im Stadtsaal Hollabrunn statt. 8 Sch\u00fcler:innen der 3. Jahrg\u00e4nge betreuten gemeinsam mit Frau &#8230; <\/p>\n<p class=\"read-more-container\"><a title=\"Fun4All 2025\" class=\"read-more button\" href=\"https:\/\/hlwhollabrunn.ac.at\/web2\/fun4all-2025\/#more-20517\" aria-label=\"Mehr Informationen \u00fcber Fun4All 2025\">Weiterlesen &#8230;<\/a><\/p>\n","protected":false},"author":1,"featured_media":20516,"comment_status":"closed","ping_status":"closed","sticky":false,"template":"","format":"standard","meta":{"_uag_custom_page_level_css":"","footnotes":""},"categories":[29,31],"tags":[],"wf_post_folders":[125],"class_list":["post-20517","post","type-post","status-publish","format-standard","has-post-thumbnail","hentry","category-alle-beitraege","category-umweltzeichen","masonry-post","generate-columns","tablet-grid-50","mobile-grid-100","grid-parent","grid-50","no-featured-image-padding"],"uagb_featured_image_src":{"full":["https:\/\/hlwhollabrunn.ac.at\/web2\/wp-content\/uploads\/2025\/02\/bb_fun4all25.webp",936,585,false],"thumbnail":["https:\/\/hlwhollabrunn.ac.at\/web2\/wp-content\/uploads\/2025\/02\/bb_fun4all25-200x125.webp",200,125,true],"medium":["https:\/\/hlwhollabrunn.ac.at\/web2\/wp-content\/uploads\/2025\/02\/bb_fun4all25-632x395.webp",632,395,true],"medium_large":["https:\/\/hlwhollabrunn.ac.at\/web2\/wp-content\/uploads\/2025\/02\/bb_fun4all25-768x480.webp",768,480,true],"large":["https:\/\/hlwhollabrunn.ac.at\/web2\/wp-content\/uploads\/2025\/02\/bb_fun4all25.webp",936,585,false],"1536x1536":["https:\/\/hlwhollabrunn.ac.at\/web2\/wp-content\/uploads\/2025\/02\/bb_fun4all25.webp",936,585,false],"2048x2048":["https:\/\/hlwhollabrunn.ac.at\/web2\/wp-content\/uploads\/2025\/02\/bb_fun4all25.webp",936,585,false],"sow-carousel-default":["https:\/\/hlwhollabrunn.ac.at\/web2\/wp-content\/uploads\/2025\/02\/bb_fun4all25-272x182.webp",272,182,true]},"uagb_author_info":{"display_name":"Leo Ertl - HLW Hollabrunn","author_link":"https:\/\/hlwhollabrunn.ac.at\/web2\/author\/leoertl_cupar_17\/"},"uagb_comment_info":0,"uagb_excerpt":"Am vorletzten Tag vor den Semesterferien fand traditionell das integrative Gschnas &#8222;Fun4All&#8220; im Stadtsaal Hollabrunn statt. 8 Sch\u00fcler:innen der 3. Jahrg\u00e4nge betreuten gemeinsam mit Frau ... Weiterlesen ...","_links":{"self":[{"href":"https:\/\/hlwhollabrunn.ac.at\/web2\/wp-json\/wp\/v2\/posts\/20517","targetHints":{"allow":["GET"]}}],"collection":[{"href":"https:\/\/hlwhollabrunn.ac.at\/web2\/wp-json\/wp\/v2\/posts"}],"about":[{"href":"https:\/\/hlwhollabrunn.ac.at\/web2\/wp-json\/wp\/v2\/types\/post"}],"author":[{"embeddable":true,"href":"https:\/\/hlwhollabrunn.ac.at\/web2\/wp-json\/wp\/v2\/users\/1"}],"replies":[{"embeddable":true,"href":"https:\/\/hlwhollabrunn.ac.at\/web2\/wp-json\/wp\/v2\/comments?post=20517"}],"version-history":[{"count":1,"href":"https:\/\/hlwhollabrunn.ac.at\/web2\/wp-json\/wp\/v2\/posts\/20517\/revisions"}],"predecessor-version":[{"id":20518,"href":"https:\/\/hlwhollabrunn.ac.at\/web2\/wp-json\/wp\/v2\/posts\/20517\/revisions\/20518"}],"wp:featuredmedia":[{"embeddable":true,"href":"https:\/\/hlwhollabrunn.ac.at\/web2\/wp-json\/wp\/v2\/media\/20516"}],"wp:attachment":[{"href":"https:\/\/hlwhollabrunn.ac.at\/web2\/wp-json\/wp\/v2\/media?parent=20517"}],"wp:term":[{"taxonomy":"category","embeddable":true,"href":"https:\/\/hlwhollabrunn.ac.at\/web2\/wp-json\/wp\/v2\/categories?post=20517"},{"taxonomy":"post_tag","embeddable":true,"href":"https:\/\/hlwhollabrunn.ac.at\/web2\/wp-json\/wp\/v2\/tags?post=20517"},{"taxonomy":"wf_post_folders","embeddable":true,"href":"https:\/\/hlwhollabrunn.ac.at\/web2\/wp-json\/wp\/v2\/wf_post_folders?post=20517"}],"curies":[{"name":"wp","href":"https:\/\/api.w.org\/{rel}","templated":true}]}}