{"id":19951,"date":"2024-10-04T11:17:36","date_gmt":"2024-10-04T10:17:36","guid":{"rendered":"https:\/\/hlwhollabrunn.ac.at\/web2\/?p=19951"},"modified":"2024-10-04T11:17:37","modified_gmt":"2024-10-04T10:17:37","slug":"belgienreise-3afw-3bfw","status":"publish","type":"post","link":"https:\/\/hlwhollabrunn.ac.at\/web2\/belgienreise-3afw-3bfw\/","title":{"rendered":"Belgienreise 3AFW &#038; 3BFW"},"content":{"rendered":"\n<p><strong>Im September reisten die 3AFW und 3BFW gemeinsam im Rahmen eines Erasmusprojekts nach Belgien, um die Hauptstadt Br\u00fcssel, die europ\u00e4ischen Institutionen sowie ihre Partnerschule De Wijnpers in Leuven kennenzulernen.<\/strong><\/p>\n\n\n\n<p>Nach einer aufregenden Anreise im Nachtzug ging es f\u00fcr die beiden Klassen gleich hoch hinaus ins Atomium, von dem aus man Br\u00fcssel von oben sehen kann. Danach verbrachten die Sch\u00fcler:innen die ersten Tage in Br\u00fcssel und lernten die Stadt und vor allem die EU-Institutionen n\u00e4her kennen. Im Haus der europ\u00e4ischen Geschichte wurde die gemeinsame Geschichte der EU spannend aufbereitet und erkl\u00e4rt, was auch das Gef\u00fchl des internationalen Zusammenhalts st\u00e4rkte. In Br\u00fcssel genossen die Klassen auch die guten Restaurants, und auch belgische Pommes, Waffeln und Schokolade durften nat\u00fcrlich nicht fehlen. Im Schokolademuseum wurde auch dieser Aspekt belgischer Kultur n\u00e4her beleuchtet.<\/p>\n\n\n\n<p>Ein zentraler Fixpunkt der Reise war auch der Besuch der Partnerschule in Leuven. Die belgischen Sch\u00fcler:innen f\u00fchrten beide Gruppen durch die Stadt und auch durch die Schule, welche unsere Sch\u00fcler:innen mit der Gr\u00f6\u00dfe und Vielfalt der angebotenen F\u00e4cher beeindruckte. Sie wirkten auch an Schulworkshops zu den Schwerpunkten der Partnerschule (Kunst, STEM, G\u00e4rtnerei) mit. Au\u00dferdem nahmen beide Schulen an einer F\u00fchrung durch das Parlamentarium sowie am Parlamentarium-Rollenspiel in Br\u00fcssel teil, wo sie gemeinsam in die Rolle von EU-Abgeordneten schl\u00fcpften und auf Englisch verhandelten.<\/p>\n\n\n\n<p>Die Highlights der Reise waren auch der Strand in Oostende, die sch\u00f6ne Altstadt in Leuven und die Kulinarik in Br\u00fcssel. Die Reise bleibt hoffentlich nicht nur wegen der anstrengenden Heimreise in Erinnerung.<\/p>\n\n\n\n<h6 class=\"wp-block-heading\">A. Zimmerl<\/h6>\n\n\n\n<figure class=\"wp-block-gallery has-nested-images columns-default is-cropped wp-block-gallery-1 is-layout-flex wp-block-gallery-is-layout-flex\">\n<figure class=\"wp-block-image size-large\"><a href=\"https:\/\/hlwhollabrunn.ac.at\/web2\/wp-content\/uploads\/2024\/10\/03_3ab_belgien.webp\"><img loading=\"lazy\" decoding=\"async\" width=\"936\" height=\"624\" data-id=\"19946\" src=\"https:\/\/hlwhollabrunn.ac.at\/web2\/wp-content\/uploads\/2024\/10\/03_3ab_belgien-936x624.webp\" alt=\"\" class=\"wp-image-19946\" srcset=\"https:\/\/hlwhollabrunn.ac.at\/web2\/wp-content\/uploads\/2024\/10\/03_3ab_belgien-936x624.webp 936w, https:\/\/hlwhollabrunn.ac.at\/web2\/wp-content\/uploads\/2024\/10\/03_3ab_belgien-632x421.webp 632w, https:\/\/hlwhollabrunn.ac.at\/web2\/wp-content\/uploads\/2024\/10\/03_3ab_belgien-200x133.webp 200w, https:\/\/hlwhollabrunn.ac.at\/web2\/wp-content\/uploads\/2024\/10\/03_3ab_belgien-768x512.webp 768w, https:\/\/hlwhollabrunn.ac.at\/web2\/wp-content\/uploads\/2024\/10\/03_3ab_belgien-272x182.webp 272w, https:\/\/hlwhollabrunn.ac.at\/web2\/wp-content\/uploads\/2024\/10\/03_3ab_belgien.webp 1200w\" sizes=\"auto, (max-width: 936px) 100vw, 936px\" \/><\/a><\/figure>\n\n\n\n<figure class=\"wp-block-image size-large\"><a href=\"https:\/\/hlwhollabrunn.ac.at\/web2\/wp-content\/uploads\/2024\/10\/04_3ab_belgien.webp\"><img loading=\"lazy\" decoding=\"async\" width=\"936\" height=\"624\" data-id=\"19947\" src=\"https:\/\/hlwhollabrunn.ac.at\/web2\/wp-content\/uploads\/2024\/10\/04_3ab_belgien-936x624.webp\" alt=\"\" class=\"wp-image-19947\" srcset=\"https:\/\/hlwhollabrunn.ac.at\/web2\/wp-content\/uploads\/2024\/10\/04_3ab_belgien-936x624.webp 936w, https:\/\/hlwhollabrunn.ac.at\/web2\/wp-content\/uploads\/2024\/10\/04_3ab_belgien-632x421.webp 632w, https:\/\/hlwhollabrunn.ac.at\/web2\/wp-content\/uploads\/2024\/10\/04_3ab_belgien-200x133.webp 200w, https:\/\/hlwhollabrunn.ac.at\/web2\/wp-content\/uploads\/2024\/10\/04_3ab_belgien-768x512.webp 768w, https:\/\/hlwhollabrunn.ac.at\/web2\/wp-content\/uploads\/2024\/10\/04_3ab_belgien-272x182.webp 272w, https:\/\/hlwhollabrunn.ac.at\/web2\/wp-content\/uploads\/2024\/10\/04_3ab_belgien.webp 1200w\" sizes=\"auto, (max-width: 936px) 100vw, 936px\" \/><\/a><\/figure>\n\n\n\n<figure class=\"wp-block-image size-large\"><a href=\"https:\/\/hlwhollabrunn.ac.at\/web2\/wp-content\/uploads\/2024\/10\/06_3ab_belgien.webp\"><img loading=\"lazy\" decoding=\"async\" width=\"936\" height=\"624\" data-id=\"19949\" src=\"https:\/\/hlwhollabrunn.ac.at\/web2\/wp-content\/uploads\/2024\/10\/06_3ab_belgien-936x624.webp\" alt=\"\" class=\"wp-image-19949\" srcset=\"https:\/\/hlwhollabrunn.ac.at\/web2\/wp-content\/uploads\/2024\/10\/06_3ab_belgien-936x624.webp 936w, https:\/\/hlwhollabrunn.ac.at\/web2\/wp-content\/uploads\/2024\/10\/06_3ab_belgien-632x421.webp 632w, https:\/\/hlwhollabrunn.ac.at\/web2\/wp-content\/uploads\/2024\/10\/06_3ab_belgien-200x133.webp 200w, https:\/\/hlwhollabrunn.ac.at\/web2\/wp-content\/uploads\/2024\/10\/06_3ab_belgien-768x512.webp 768w, https:\/\/hlwhollabrunn.ac.at\/web2\/wp-content\/uploads\/2024\/10\/06_3ab_belgien-272x182.webp 272w, https:\/\/hlwhollabrunn.ac.at\/web2\/wp-content\/uploads\/2024\/10\/06_3ab_belgien.webp 1200w\" sizes=\"auto, (max-width: 936px) 100vw, 936px\" \/><\/a><\/figure>\n\n\n\n<figure class=\"wp-block-image size-large\"><a href=\"https:\/\/hlwhollabrunn.ac.at\/web2\/wp-content\/uploads\/2024\/10\/02_3ab_belgien.webp\"><img loading=\"lazy\" decoding=\"async\" width=\"936\" height=\"624\" data-id=\"19945\" src=\"https:\/\/hlwhollabrunn.ac.at\/web2\/wp-content\/uploads\/2024\/10\/02_3ab_belgien-936x624.webp\" alt=\"\" class=\"wp-image-19945\" srcset=\"https:\/\/hlwhollabrunn.ac.at\/web2\/wp-content\/uploads\/2024\/10\/02_3ab_belgien-936x624.webp 936w, https:\/\/hlwhollabrunn.ac.at\/web2\/wp-content\/uploads\/2024\/10\/02_3ab_belgien-632x421.webp 632w, https:\/\/hlwhollabrunn.ac.at\/web2\/wp-content\/uploads\/2024\/10\/02_3ab_belgien-200x133.webp 200w, https:\/\/hlwhollabrunn.ac.at\/web2\/wp-content\/uploads\/2024\/10\/02_3ab_belgien-768x512.webp 768w, https:\/\/hlwhollabrunn.ac.at\/web2\/wp-content\/uploads\/2024\/10\/02_3ab_belgien-272x182.webp 272w, https:\/\/hlwhollabrunn.ac.at\/web2\/wp-content\/uploads\/2024\/10\/02_3ab_belgien.webp 1200w\" sizes=\"auto, (max-width: 936px) 100vw, 936px\" \/><\/a><\/figure>\n\n\n\n<figure class=\"wp-block-image size-large\"><a href=\"https:\/\/hlwhollabrunn.ac.at\/web2\/wp-content\/uploads\/2024\/10\/01_3ab_belgien.webp\"><img loading=\"lazy\" decoding=\"async\" width=\"936\" height=\"624\" data-id=\"19944\" src=\"https:\/\/hlwhollabrunn.ac.at\/web2\/wp-content\/uploads\/2024\/10\/01_3ab_belgien-936x624.webp\" alt=\"\" class=\"wp-image-19944\" srcset=\"https:\/\/hlwhollabrunn.ac.at\/web2\/wp-content\/uploads\/2024\/10\/01_3ab_belgien-936x624.webp 936w, https:\/\/hlwhollabrunn.ac.at\/web2\/wp-content\/uploads\/2024\/10\/01_3ab_belgien-632x421.webp 632w, https:\/\/hlwhollabrunn.ac.at\/web2\/wp-content\/uploads\/2024\/10\/01_3ab_belgien-200x133.webp 200w, https:\/\/hlwhollabrunn.ac.at\/web2\/wp-content\/uploads\/2024\/10\/01_3ab_belgien-768x512.webp 768w, https:\/\/hlwhollabrunn.ac.at\/web2\/wp-content\/uploads\/2024\/10\/01_3ab_belgien-272x182.webp 272w, https:\/\/hlwhollabrunn.ac.at\/web2\/wp-content\/uploads\/2024\/10\/01_3ab_belgien.webp 1200w\" sizes=\"auto, (max-width: 936px) 100vw, 936px\" \/><\/a><\/figure>\n\n\n\n<figure class=\"wp-block-image size-large\"><a href=\"https:\/\/hlwhollabrunn.ac.at\/web2\/wp-content\/uploads\/2024\/10\/05_3ab_belgien.webp\"><img loading=\"lazy\" decoding=\"async\" width=\"936\" height=\"624\" data-id=\"19948\" src=\"https:\/\/hlwhollabrunn.ac.at\/web2\/wp-content\/uploads\/2024\/10\/05_3ab_belgien-936x624.webp\" alt=\"\" class=\"wp-image-19948\" srcset=\"https:\/\/hlwhollabrunn.ac.at\/web2\/wp-content\/uploads\/2024\/10\/05_3ab_belgien-936x624.webp 936w, https:\/\/hlwhollabrunn.ac.at\/web2\/wp-content\/uploads\/2024\/10\/05_3ab_belgien-632x421.webp 632w, https:\/\/hlwhollabrunn.ac.at\/web2\/wp-content\/uploads\/2024\/10\/05_3ab_belgien-200x133.webp 200w, https:\/\/hlwhollabrunn.ac.at\/web2\/wp-content\/uploads\/2024\/10\/05_3ab_belgien-768x512.webp 768w, https:\/\/hlwhollabrunn.ac.at\/web2\/wp-content\/uploads\/2024\/10\/05_3ab_belgien-272x182.webp 272w, https:\/\/hlwhollabrunn.ac.at\/web2\/wp-content\/uploads\/2024\/10\/05_3ab_belgien.webp 1200w\" sizes=\"auto, (max-width: 936px) 100vw, 936px\" \/><\/a><\/figure>\n<\/figure>\n","protected":false},"excerpt":{"rendered":"<p>Im September reisten die 3AFW und 3BFW gemeinsam im Rahmen eines Erasmusprojekts nach Belgien, um die Hauptstadt Br\u00fcssel, die europ\u00e4ischen Institutionen sowie ihre Partnerschule De &#8230; <\/p>\n<p class=\"read-more-container\"><a title=\"Belgienreise 3AFW &#038; 3BFW\" class=\"read-more button\" href=\"https:\/\/hlwhollabrunn.ac.at\/web2\/belgienreise-3afw-3bfw\/#more-19951\" aria-label=\"Mehr Informationen \u00fcber Belgienreise 3AFW &#038; 3BFW\">Weiterlesen &#8230;<\/a><\/p>\n","protected":false},"author":1,"featured_media":19950,"comment_status":"closed","ping_status":"closed","sticky":false,"template":"","format":"standard","meta":{"_uag_custom_page_level_css":"","footnotes":""},"categories":[29],"tags":[],"wf_post_folders":[125],"class_list":["post-19951","post","type-post","status-publish","format-standard","has-post-thumbnail","hentry","category-alle-beitraege","masonry-post","generate-columns","tablet-grid-50","mobile-grid-100","grid-parent","grid-50","no-featured-image-padding"],"uagb_featured_image_src":{"full":["https:\/\/hlwhollabrunn.ac.at\/web2\/wp-content\/uploads\/2024\/10\/bb_3ab_belgien.webp",936,585,false],"thumbnail":["https:\/\/hlwhollabrunn.ac.at\/web2\/wp-content\/uploads\/2024\/10\/bb_3ab_belgien-200x125.webp",200,125,true],"medium":["https:\/\/hlwhollabrunn.ac.at\/web2\/wp-content\/uploads\/2024\/10\/bb_3ab_belgien-632x395.webp",632,395,true],"medium_large":["https:\/\/hlwhollabrunn.ac.at\/web2\/wp-content\/uploads\/2024\/10\/bb_3ab_belgien-768x480.webp",768,480,true],"large":["https:\/\/hlwhollabrunn.ac.at\/web2\/wp-content\/uploads\/2024\/10\/bb_3ab_belgien.webp",936,585,false],"1536x1536":["https:\/\/hlwhollabrunn.ac.at\/web2\/wp-content\/uploads\/2024\/10\/bb_3ab_belgien.webp",936,585,false],"2048x2048":["https:\/\/hlwhollabrunn.ac.at\/web2\/wp-content\/uploads\/2024\/10\/bb_3ab_belgien.webp",936,585,false],"sow-carousel-default":["https:\/\/hlwhollabrunn.ac.at\/web2\/wp-content\/uploads\/2024\/10\/bb_3ab_belgien-272x182.webp",272,182,true]},"uagb_author_info":{"display_name":"Leo Ertl - HLW Hollabrunn","author_link":"https:\/\/hlwhollabrunn.ac.at\/web2\/author\/leoertl_cupar_17\/"},"uagb_comment_info":0,"uagb_excerpt":"Im September reisten die 3AFW und 3BFW gemeinsam im Rahmen eines Erasmusprojekts nach Belgien, um die Hauptstadt Br\u00fcssel, die europ\u00e4ischen Institutionen sowie ihre Partnerschule De ... Weiterlesen ...","_links":{"self":[{"href":"https:\/\/hlwhollabrunn.ac.at\/web2\/wp-json\/wp\/v2\/posts\/19951","targetHints":{"allow":["GET"]}}],"collection":[{"href":"https:\/\/hlwhollabrunn.ac.at\/web2\/wp-json\/wp\/v2\/posts"}],"about":[{"href":"https:\/\/hlwhollabrunn.ac.at\/web2\/wp-json\/wp\/v2\/types\/post"}],"author":[{"embeddable":true,"href":"https:\/\/hlwhollabrunn.ac.at\/web2\/wp-json\/wp\/v2\/users\/1"}],"replies":[{"embeddable":true,"href":"https:\/\/hlwhollabrunn.ac.at\/web2\/wp-json\/wp\/v2\/comments?post=19951"}],"version-history":[{"count":1,"href":"https:\/\/hlwhollabrunn.ac.at\/web2\/wp-json\/wp\/v2\/posts\/19951\/revisions"}],"predecessor-version":[{"id":19952,"href":"https:\/\/hlwhollabrunn.ac.at\/web2\/wp-json\/wp\/v2\/posts\/19951\/revisions\/19952"}],"wp:featuredmedia":[{"embeddable":true,"href":"https:\/\/hlwhollabrunn.ac.at\/web2\/wp-json\/wp\/v2\/media\/19950"}],"wp:attachment":[{"href":"https:\/\/hlwhollabrunn.ac.at\/web2\/wp-json\/wp\/v2\/media?parent=19951"}],"wp:term":[{"taxonomy":"category","embeddable":true,"href":"https:\/\/hlwhollabrunn.ac.at\/web2\/wp-json\/wp\/v2\/categories?post=19951"},{"taxonomy":"post_tag","embeddable":true,"href":"https:\/\/hlwhollabrunn.ac.at\/web2\/wp-json\/wp\/v2\/tags?post=19951"},{"taxonomy":"wf_post_folders","embeddable":true,"href":"https:\/\/hlwhollabrunn.ac.at\/web2\/wp-json\/wp\/v2\/wf_post_folders?post=19951"}],"curies":[{"name":"wp","href":"https:\/\/api.w.org\/{rel}","templated":true}]}}