{"id":19912,"date":"2024-09-25T09:39:26","date_gmt":"2024-09-25T08:39:26","guid":{"rendered":"https:\/\/hlwhollabrunn.ac.at\/web2\/?p=19912"},"modified":"2024-09-25T09:39:27","modified_gmt":"2024-09-25T08:39:27","slug":"ab-in-den-sueden-3chlw-in-rom","status":"publish","type":"post","link":"https:\/\/hlwhollabrunn.ac.at\/web2\/ab-in-den-sueden-3chlw-in-rom\/","title":{"rendered":"Ab in den S\u00fcden &#8211; 3CHLW in Rom"},"content":{"rendered":"\n<p><strong>Mitten aus den Wassermassen entflohen am Montag, dem 16. September 18 Sch\u00fcler:innen der 3CHLW mit ihren beiden Begleitlehrern Michael Wirthner und Monika Semmelmayer unglaublich p\u00fcnktlich der tristen Lage um Hollabrunn ins sonnige Rom. <\/strong><\/p>\n\n\n\n<p>Dort galt es sehr gut besuchte Touristenmagnete wie den Trevi-Brunnen, das Kolosseum, die Vatikanischen Museen und den Petersdom zu besichtigen, trotz baulicher Vorbereitungsma\u00dfnahmen auf das heilige Jahr 2025 die Piazza Navona und das Pantheon zu genie\u00dfen und sich dem echten Gelato zu widmen. Papstkirchen wie Santa Maria Maggiore und antike Ausgrabungen am Forum Romanum fehlten ebenso wenig wie k\u00f6stliche Pizza und Pasta sowie Shopping in den ber\u00fchmten Einkaufsstra\u00dfen rund um die Spanische Treppe. <\/p>\n\n\n\n<p>Dabei wurden tapfer viele Kilometer zu Fu\u00df zur\u00fcckgelegt \u2013 in der \u00dcberzeugung, dass die italienische Hauptstadt auf wesentlich mehr als sieben H\u00fcgeln erbaut sein muss, daf\u00fcr lohnte der Blick vom Kapitolsh\u00fcgel und Gianicolo auf die \u201eEwige Stadt\u201c auf jeden Fall. <\/p>\n\n\n\n<p>Bei einem Treffen mit dem in Rom t\u00e4tigen \u00f6sterreichischen Priester und Kirchenrechtler Johannes F\u00fcrnkranz konnte die Gruppe der 3CHLW mehr \u00fcber die r\u00f6misch-katholische Kirche erfahren und zum Abschluss in den Callisto-Katakomben noch einen Blick in die Tiefen des christlichen Zentrums wagen. <\/p>\n\n\n\n<p>M\u00fcde aber erf\u00fcllt von unvergesslichen Eindr\u00fccken konnte die Gruppe am 19. September mit kleiner Versp\u00e4tung nach Hause fliegen.<\/p>\n\n\n\n<h6 class=\"wp-block-heading\">M. Semmelmayer<\/h6>\n\n\n\n<figure class=\"wp-block-gallery has-nested-images columns-default is-cropped wp-block-gallery-1 is-layout-flex wp-block-gallery-is-layout-flex\">\n<figure class=\"wp-block-image size-large\"><a href=\"https:\/\/hlwhollabrunn.ac.at\/web2\/wp-content\/uploads\/2024\/09\/01_3chlw_rom.webp\"><img loading=\"lazy\" decoding=\"async\" width=\"936\" height=\"624\" data-id=\"19911\" src=\"https:\/\/hlwhollabrunn.ac.at\/web2\/wp-content\/uploads\/2024\/09\/01_3chlw_rom-936x624.webp\" alt=\"\" class=\"wp-image-19911\" srcset=\"https:\/\/hlwhollabrunn.ac.at\/web2\/wp-content\/uploads\/2024\/09\/01_3chlw_rom-936x624.webp 936w, https:\/\/hlwhollabrunn.ac.at\/web2\/wp-content\/uploads\/2024\/09\/01_3chlw_rom-632x421.webp 632w, https:\/\/hlwhollabrunn.ac.at\/web2\/wp-content\/uploads\/2024\/09\/01_3chlw_rom-200x133.webp 200w, https:\/\/hlwhollabrunn.ac.at\/web2\/wp-content\/uploads\/2024\/09\/01_3chlw_rom-768x512.webp 768w, https:\/\/hlwhollabrunn.ac.at\/web2\/wp-content\/uploads\/2024\/09\/01_3chlw_rom-272x182.webp 272w, https:\/\/hlwhollabrunn.ac.at\/web2\/wp-content\/uploads\/2024\/09\/01_3chlw_rom.webp 1200w\" sizes=\"auto, (max-width: 936px) 100vw, 936px\" \/><\/a><\/figure>\n\n\n\n<figure class=\"wp-block-image size-large\"><a href=\"https:\/\/hlwhollabrunn.ac.at\/web2\/wp-content\/uploads\/2024\/09\/02_3chlw_rom.webp\"><img loading=\"lazy\" decoding=\"async\" width=\"800\" height=\"1200\" data-id=\"19909\" src=\"https:\/\/hlwhollabrunn.ac.at\/web2\/wp-content\/uploads\/2024\/09\/02_3chlw_rom.webp\" alt=\"\" class=\"wp-image-19909\" srcset=\"https:\/\/hlwhollabrunn.ac.at\/web2\/wp-content\/uploads\/2024\/09\/02_3chlw_rom.webp 800w, https:\/\/hlwhollabrunn.ac.at\/web2\/wp-content\/uploads\/2024\/09\/02_3chlw_rom-632x948.webp 632w, https:\/\/hlwhollabrunn.ac.at\/web2\/wp-content\/uploads\/2024\/09\/02_3chlw_rom-200x300.webp 200w, https:\/\/hlwhollabrunn.ac.at\/web2\/wp-content\/uploads\/2024\/09\/02_3chlw_rom-768x1152.webp 768w\" sizes=\"auto, (max-width: 800px) 100vw, 800px\" \/><\/a><\/figure>\n<\/figure>\n","protected":false},"excerpt":{"rendered":"<p>Mitten aus den Wassermassen entflohen am Montag, dem 16. September 18 Sch\u00fcler:innen der 3CHLW mit ihren beiden Begleitlehrern Michael Wirthner und Monika Semmelmayer unglaublich p\u00fcnktlich &#8230; <\/p>\n<p class=\"read-more-container\"><a title=\"Ab in den S\u00fcden &#8211; 3CHLW in Rom\" class=\"read-more button\" href=\"https:\/\/hlwhollabrunn.ac.at\/web2\/ab-in-den-sueden-3chlw-in-rom\/#more-19912\" aria-label=\"Mehr Informationen \u00fcber Ab in den S\u00fcden &#8211; 3CHLW in Rom\">Weiterlesen &#8230;<\/a><\/p>\n","protected":false},"author":1,"featured_media":19910,"comment_status":"closed","ping_status":"closed","sticky":false,"template":"","format":"standard","meta":{"_uag_custom_page_level_css":"","footnotes":""},"categories":[29],"tags":[],"wf_post_folders":[125],"class_list":["post-19912","post","type-post","status-publish","format-standard","has-post-thumbnail","hentry","category-alle-beitraege","masonry-post","generate-columns","tablet-grid-50","mobile-grid-100","grid-parent","grid-50","no-featured-image-padding"],"uagb_featured_image_src":{"full":["https:\/\/hlwhollabrunn.ac.at\/web2\/wp-content\/uploads\/2024\/09\/bb_3chlw_rom.webp",936,585,false],"thumbnail":["https:\/\/hlwhollabrunn.ac.at\/web2\/wp-content\/uploads\/2024\/09\/bb_3chlw_rom-200x125.webp",200,125,true],"medium":["https:\/\/hlwhollabrunn.ac.at\/web2\/wp-content\/uploads\/2024\/09\/bb_3chlw_rom-632x395.webp",632,395,true],"medium_large":["https:\/\/hlwhollabrunn.ac.at\/web2\/wp-content\/uploads\/2024\/09\/bb_3chlw_rom-768x480.webp",768,480,true],"large":["https:\/\/hlwhollabrunn.ac.at\/web2\/wp-content\/uploads\/2024\/09\/bb_3chlw_rom.webp",936,585,false],"1536x1536":["https:\/\/hlwhollabrunn.ac.at\/web2\/wp-content\/uploads\/2024\/09\/bb_3chlw_rom.webp",936,585,false],"2048x2048":["https:\/\/hlwhollabrunn.ac.at\/web2\/wp-content\/uploads\/2024\/09\/bb_3chlw_rom.webp",936,585,false],"sow-carousel-default":["https:\/\/hlwhollabrunn.ac.at\/web2\/wp-content\/uploads\/2024\/09\/bb_3chlw_rom-272x182.webp",272,182,true]},"uagb_author_info":{"display_name":"Leo Ertl - HLW Hollabrunn","author_link":"https:\/\/hlwhollabrunn.ac.at\/web2\/author\/leoertl_cupar_17\/"},"uagb_comment_info":0,"uagb_excerpt":"Mitten aus den Wassermassen entflohen am Montag, dem 16. September 18 Sch\u00fcler:innen der 3CHLW mit ihren beiden Begleitlehrern Michael Wirthner und Monika Semmelmayer unglaublich p\u00fcnktlich ... Weiterlesen ...","_links":{"self":[{"href":"https:\/\/hlwhollabrunn.ac.at\/web2\/wp-json\/wp\/v2\/posts\/19912","targetHints":{"allow":["GET"]}}],"collection":[{"href":"https:\/\/hlwhollabrunn.ac.at\/web2\/wp-json\/wp\/v2\/posts"}],"about":[{"href":"https:\/\/hlwhollabrunn.ac.at\/web2\/wp-json\/wp\/v2\/types\/post"}],"author":[{"embeddable":true,"href":"https:\/\/hlwhollabrunn.ac.at\/web2\/wp-json\/wp\/v2\/users\/1"}],"replies":[{"embeddable":true,"href":"https:\/\/hlwhollabrunn.ac.at\/web2\/wp-json\/wp\/v2\/comments?post=19912"}],"version-history":[{"count":1,"href":"https:\/\/hlwhollabrunn.ac.at\/web2\/wp-json\/wp\/v2\/posts\/19912\/revisions"}],"predecessor-version":[{"id":19913,"href":"https:\/\/hlwhollabrunn.ac.at\/web2\/wp-json\/wp\/v2\/posts\/19912\/revisions\/19913"}],"wp:featuredmedia":[{"embeddable":true,"href":"https:\/\/hlwhollabrunn.ac.at\/web2\/wp-json\/wp\/v2\/media\/19910"}],"wp:attachment":[{"href":"https:\/\/hlwhollabrunn.ac.at\/web2\/wp-json\/wp\/v2\/media?parent=19912"}],"wp:term":[{"taxonomy":"category","embeddable":true,"href":"https:\/\/hlwhollabrunn.ac.at\/web2\/wp-json\/wp\/v2\/categories?post=19912"},{"taxonomy":"post_tag","embeddable":true,"href":"https:\/\/hlwhollabrunn.ac.at\/web2\/wp-json\/wp\/v2\/tags?post=19912"},{"taxonomy":"wf_post_folders","embeddable":true,"href":"https:\/\/hlwhollabrunn.ac.at\/web2\/wp-json\/wp\/v2\/wf_post_folders?post=19912"}],"curies":[{"name":"wp","href":"https:\/\/api.w.org\/{rel}","templated":true}]}}