{"id":19810,"date":"2024-08-18T18:38:48","date_gmt":"2024-08-18T17:38:48","guid":{"rendered":"https:\/\/hlwhollabrunn.ac.at\/web2\/?p=19810"},"modified":"2024-09-19T10:58:58","modified_gmt":"2024-09-19T09:58:58","slug":"besuch-unserer-praktikantinnen-auf-den-balearen","status":"publish","type":"post","link":"https:\/\/hlwhollabrunn.ac.at\/web2\/besuch-unserer-praktikantinnen-auf-den-balearen\/","title":{"rendered":"Besuch unserer Praktikant:innen auf den Balearen"},"content":{"rendered":"\n<p><strong>Im Rahmen des Erasmus+ Programms hatten die Lehrkr\u00e4fte Mona Sch\u00f6ffl und Caroline S\u00f6llner im Juni 2024 die Gelegenheit, unsere engagierten Praktikant:innen auf Mallorca zu besuchen. Gabriele Weinhappl reiste im Juli 2024 nach Menorca, um ebenfalls einen Einblick in die wertvollen Auslandserfahrungen unserer Sch\u00fcler zu erhalten.<\/strong><\/p>\n\n\n\n<p>Unsere Sch\u00fcler:innen absolvieren derzeit ein spannendes und lehrreiches Praktikum in Service und K\u00fcche. Die Lehrkr\u00e4fte nutzten die Gelegenheit, um vor Ort die Fortschritte und den Arbeitsalltag der Praktikant:innen zu beobachten. Unsere Sch\u00fcler:innen erweitern ihre beruflichen F\u00e4higkeiten und verbessern ihre Sprachkenntnisse. Die Eindr\u00fccke und Erfahrungen, die sie dabei sammeln, sind unbezahlbar und bereiten sie optimal auf die Herausforderungen des zuk\u00fcnftigen Berufslebens vor.<\/p>\n\n\n\n<p>Zus\u00e4tzlich zu den Praktikumsbetrieben besuchten die Lehrkr\u00e4fte weitere Betriebe, um die M\u00f6glichkeit k\u00fcnftiger Praktikumspl\u00e4tze auszuloten.<\/p>\n\n\n\n<p>Diese Auslandspraktika sind ein wichtiger Bestandteil des Erasmus+ Programms Berufsbildung, das unseren Sch\u00fcler:innen die M\u00f6glichkeit bietet, internationale Berufserfahrungen zu sammeln und ihre Kompetenzen in einem globalen Umfeld zu st\u00e4rken.<\/p>\n\n\n\n<p>Wir sind stolz auf unsere Praktikant:innen!<\/p>\n\n\n\n<figure class=\"wp-block-gallery has-nested-images columns-default is-cropped wp-block-gallery-1 is-layout-flex wp-block-gallery-is-layout-flex\">\n<figure class=\"wp-block-image size-large\"><a href=\"https:\/\/hlwhollabrunn.ac.at\/web2\/wp-content\/uploads\/2024\/09\/03_balearen.webp\"><img loading=\"lazy\" decoding=\"async\" width=\"936\" height=\"624\" data-id=\"19889\" src=\"https:\/\/hlwhollabrunn.ac.at\/web2\/wp-content\/uploads\/2024\/09\/03_balearen-936x624.webp\" alt=\"\" class=\"wp-image-19889\" srcset=\"https:\/\/hlwhollabrunn.ac.at\/web2\/wp-content\/uploads\/2024\/09\/03_balearen-936x624.webp 936w, https:\/\/hlwhollabrunn.ac.at\/web2\/wp-content\/uploads\/2024\/09\/03_balearen-632x421.webp 632w, https:\/\/hlwhollabrunn.ac.at\/web2\/wp-content\/uploads\/2024\/09\/03_balearen-200x133.webp 200w, https:\/\/hlwhollabrunn.ac.at\/web2\/wp-content\/uploads\/2024\/09\/03_balearen-768x512.webp 768w, https:\/\/hlwhollabrunn.ac.at\/web2\/wp-content\/uploads\/2024\/09\/03_balearen-272x182.webp 272w, https:\/\/hlwhollabrunn.ac.at\/web2\/wp-content\/uploads\/2024\/09\/03_balearen.webp 1200w\" sizes=\"auto, (max-width: 936px) 100vw, 936px\" \/><\/a><\/figure>\n\n\n\n<figure class=\"wp-block-image size-large\"><a href=\"https:\/\/hlwhollabrunn.ac.at\/web2\/wp-content\/uploads\/2024\/09\/02_balearen.webp\"><img loading=\"lazy\" decoding=\"async\" width=\"936\" height=\"624\" data-id=\"19888\" src=\"https:\/\/hlwhollabrunn.ac.at\/web2\/wp-content\/uploads\/2024\/09\/02_balearen-936x624.webp\" alt=\"\" class=\"wp-image-19888\" srcset=\"https:\/\/hlwhollabrunn.ac.at\/web2\/wp-content\/uploads\/2024\/09\/02_balearen-936x624.webp 936w, https:\/\/hlwhollabrunn.ac.at\/web2\/wp-content\/uploads\/2024\/09\/02_balearen-632x421.webp 632w, https:\/\/hlwhollabrunn.ac.at\/web2\/wp-content\/uploads\/2024\/09\/02_balearen-200x133.webp 200w, https:\/\/hlwhollabrunn.ac.at\/web2\/wp-content\/uploads\/2024\/09\/02_balearen-768x512.webp 768w, https:\/\/hlwhollabrunn.ac.at\/web2\/wp-content\/uploads\/2024\/09\/02_balearen-272x182.webp 272w, https:\/\/hlwhollabrunn.ac.at\/web2\/wp-content\/uploads\/2024\/09\/02_balearen.webp 1200w\" sizes=\"auto, (max-width: 936px) 100vw, 936px\" \/><\/a><\/figure>\n\n\n\n<figure class=\"wp-block-image size-large\"><a href=\"https:\/\/hlwhollabrunn.ac.at\/web2\/wp-content\/uploads\/2024\/09\/04_balearen.webp\"><img loading=\"lazy\" decoding=\"async\" width=\"936\" height=\"624\" data-id=\"19890\" src=\"https:\/\/hlwhollabrunn.ac.at\/web2\/wp-content\/uploads\/2024\/09\/04_balearen-936x624.webp\" alt=\"Balearen\" class=\"wp-image-19890\" srcset=\"https:\/\/hlwhollabrunn.ac.at\/web2\/wp-content\/uploads\/2024\/09\/04_balearen-936x624.webp 936w, https:\/\/hlwhollabrunn.ac.at\/web2\/wp-content\/uploads\/2024\/09\/04_balearen-632x421.webp 632w, https:\/\/hlwhollabrunn.ac.at\/web2\/wp-content\/uploads\/2024\/09\/04_balearen-200x133.webp 200w, https:\/\/hlwhollabrunn.ac.at\/web2\/wp-content\/uploads\/2024\/09\/04_balearen-768x512.webp 768w, https:\/\/hlwhollabrunn.ac.at\/web2\/wp-content\/uploads\/2024\/09\/04_balearen-272x182.webp 272w, https:\/\/hlwhollabrunn.ac.at\/web2\/wp-content\/uploads\/2024\/09\/04_balearen.webp 1200w\" sizes=\"auto, (max-width: 936px) 100vw, 936px\" \/><\/a><\/figure>\n\n\n\n<figure class=\"wp-block-image size-large\"><a href=\"https:\/\/hlwhollabrunn.ac.at\/web2\/wp-content\/uploads\/2024\/09\/01_balearen.webp\"><img loading=\"lazy\" decoding=\"async\" width=\"936\" height=\"624\" data-id=\"19887\" src=\"https:\/\/hlwhollabrunn.ac.at\/web2\/wp-content\/uploads\/2024\/09\/01_balearen-936x624.webp\" alt=\"\" class=\"wp-image-19887\" srcset=\"https:\/\/hlwhollabrunn.ac.at\/web2\/wp-content\/uploads\/2024\/09\/01_balearen-936x624.webp 936w, https:\/\/hlwhollabrunn.ac.at\/web2\/wp-content\/uploads\/2024\/09\/01_balearen-632x421.webp 632w, https:\/\/hlwhollabrunn.ac.at\/web2\/wp-content\/uploads\/2024\/09\/01_balearen-200x133.webp 200w, https:\/\/hlwhollabrunn.ac.at\/web2\/wp-content\/uploads\/2024\/09\/01_balearen-768x512.webp 768w, https:\/\/hlwhollabrunn.ac.at\/web2\/wp-content\/uploads\/2024\/09\/01_balearen-272x182.webp 272w, https:\/\/hlwhollabrunn.ac.at\/web2\/wp-content\/uploads\/2024\/09\/01_balearen.webp 1200w\" sizes=\"auto, (max-width: 936px) 100vw, 936px\" \/><\/a><\/figure>\n<\/figure>\n","protected":false},"excerpt":{"rendered":"<p>Im Rahmen des Erasmus+ Programms hatten die Lehrkr\u00e4fte Mona Sch\u00f6ffl und Caroline S\u00f6llner im Juni 2024 die Gelegenheit, unsere engagierten Praktikant:innen auf Mallorca zu besuchen. &#8230; <\/p>\n<p class=\"read-more-container\"><a title=\"Besuch unserer Praktikant:innen auf den Balearen\" class=\"read-more button\" href=\"https:\/\/hlwhollabrunn.ac.at\/web2\/besuch-unserer-praktikantinnen-auf-den-balearen\/#more-19810\" aria-label=\"Mehr Informationen \u00fcber Besuch unserer Praktikant:innen auf den Balearen\">Weiterlesen &#8230;<\/a><\/p>\n","protected":false},"author":1,"featured_media":19820,"comment_status":"closed","ping_status":"closed","sticky":false,"template":"","format":"standard","meta":{"_uag_custom_page_level_css":"","footnotes":""},"categories":[29],"tags":[],"wf_post_folders":[128],"class_list":["post-19810","post","type-post","status-publish","format-standard","has-post-thumbnail","hentry","category-alle-beitraege","masonry-post","generate-columns","tablet-grid-50","mobile-grid-100","grid-parent","grid-50","no-featured-image-padding"],"uagb_featured_image_src":{"full":["https:\/\/hlwhollabrunn.ac.at\/web2\/wp-content\/uploads\/2024\/08\/bb_balearen.webp",1200,800,false],"thumbnail":["https:\/\/hlwhollabrunn.ac.at\/web2\/wp-content\/uploads\/2024\/08\/bb_balearen-200x133.webp",200,133,true],"medium":["https:\/\/hlwhollabrunn.ac.at\/web2\/wp-content\/uploads\/2024\/08\/bb_balearen-632x421.webp",632,421,true],"medium_large":["https:\/\/hlwhollabrunn.ac.at\/web2\/wp-content\/uploads\/2024\/08\/bb_balearen-768x512.webp",768,512,true],"large":["https:\/\/hlwhollabrunn.ac.at\/web2\/wp-content\/uploads\/2024\/08\/bb_balearen-936x624.webp",936,624,true],"1536x1536":["https:\/\/hlwhollabrunn.ac.at\/web2\/wp-content\/uploads\/2024\/08\/bb_balearen.webp",1200,800,false],"2048x2048":["https:\/\/hlwhollabrunn.ac.at\/web2\/wp-content\/uploads\/2024\/08\/bb_balearen.webp",1200,800,false],"sow-carousel-default":["https:\/\/hlwhollabrunn.ac.at\/web2\/wp-content\/uploads\/2024\/08\/bb_balearen-272x182.webp",272,182,true]},"uagb_author_info":{"display_name":"Leo Ertl - HLW Hollabrunn","author_link":"https:\/\/hlwhollabrunn.ac.at\/web2\/author\/leoertl_cupar_17\/"},"uagb_comment_info":0,"uagb_excerpt":"Im Rahmen des Erasmus+ Programms hatten die Lehrkr\u00e4fte Mona Sch\u00f6ffl und Caroline S\u00f6llner im Juni 2024 die Gelegenheit, unsere engagierten Praktikant:innen auf Mallorca zu besuchen. ... Weiterlesen ...","_links":{"self":[{"href":"https:\/\/hlwhollabrunn.ac.at\/web2\/wp-json\/wp\/v2\/posts\/19810","targetHints":{"allow":["GET"]}}],"collection":[{"href":"https:\/\/hlwhollabrunn.ac.at\/web2\/wp-json\/wp\/v2\/posts"}],"about":[{"href":"https:\/\/hlwhollabrunn.ac.at\/web2\/wp-json\/wp\/v2\/types\/post"}],"author":[{"embeddable":true,"href":"https:\/\/hlwhollabrunn.ac.at\/web2\/wp-json\/wp\/v2\/users\/1"}],"replies":[{"embeddable":true,"href":"https:\/\/hlwhollabrunn.ac.at\/web2\/wp-json\/wp\/v2\/comments?post=19810"}],"version-history":[{"count":2,"href":"https:\/\/hlwhollabrunn.ac.at\/web2\/wp-json\/wp\/v2\/posts\/19810\/revisions"}],"predecessor-version":[{"id":19892,"href":"https:\/\/hlwhollabrunn.ac.at\/web2\/wp-json\/wp\/v2\/posts\/19810\/revisions\/19892"}],"wp:featuredmedia":[{"embeddable":true,"href":"https:\/\/hlwhollabrunn.ac.at\/web2\/wp-json\/wp\/v2\/media\/19820"}],"wp:attachment":[{"href":"https:\/\/hlwhollabrunn.ac.at\/web2\/wp-json\/wp\/v2\/media?parent=19810"}],"wp:term":[{"taxonomy":"category","embeddable":true,"href":"https:\/\/hlwhollabrunn.ac.at\/web2\/wp-json\/wp\/v2\/categories?post=19810"},{"taxonomy":"post_tag","embeddable":true,"href":"https:\/\/hlwhollabrunn.ac.at\/web2\/wp-json\/wp\/v2\/tags?post=19810"},{"taxonomy":"wf_post_folders","embeddable":true,"href":"https:\/\/hlwhollabrunn.ac.at\/web2\/wp-json\/wp\/v2\/wf_post_folders?post=19810"}],"curies":[{"name":"wp","href":"https:\/\/api.w.org\/{rel}","templated":true}]}}