{"id":19760,"date":"2024-08-18T17:47:31","date_gmt":"2024-08-18T16:47:31","guid":{"rendered":"https:\/\/hlwhollabrunn.ac.at\/web2\/?p=19760"},"modified":"2024-08-18T18:34:56","modified_gmt":"2024-08-18T17:34:56","slug":"kultureller-austausch-und-praktisches-lernen","status":"publish","type":"post","link":"https:\/\/hlwhollabrunn.ac.at\/web2\/kultureller-austausch-und-praktisches-lernen\/","title":{"rendered":"Kultureller Austausch und praktisches Lernen"},"content":{"rendered":"\n<h2 class=\"wp-block-heading\"><strong>Erasmus+ Reise nach Tschechien<\/strong><\/h2>\n\n\n\n<p><strong>Eine spannende und lehrreiche Zeit erlebten 16 ausgew\u00e4hlte Sch\u00fcler:innen des Kreativzweiges der HLW Hollabrunn in Tschechien. Vom 12. bis zum 21. Juni 2024 tauchten sie tief in die Kultur und Geschichte des Nachbarlandes ein, begleitet von ihren Lehrkr\u00e4ften Jana Tunkova und Doris Kurzbauer sowie (teilweise) Michaela Deifl. Erstmals hat eine Zusammenarbeit mit den Partnerschulen OA, VO\u0160Z und SZ\u0160, SO\u0160S Jihlava und St\u0159edn\u00ed \u0161kola Str\u00e1\u017enice stattgefunden, die mit Mitteln von Erasmus+ finanziell unterst\u00fctzt wurde.<\/strong><\/p>\n\n\n\n<p>Die Reise begann mit einer Zugfahrt von Hollabrunn nach Znojmo und der Erkundung des Untergrunds und der Stadt. Nachmittags fuhr die Gruppe weiter nach Str\u00e1\u017enice, wo sich die erste Partnerschule, St\u0159edn\u00ed \u0161kola Str\u00e1\u017enice,&nbsp;befindet. Die Sch\u00fcler:innen gestalteten im Rahmen von kreativen Workshops Modeillustrationen und bedruckten Stofftaschen mit eigenen Designs, die sie zuvor am Computer entwarfen.<\/p>\n\n\n\n<p>Der Freitag begann mit einem Besuch im Freilichtmuseum Str\u00e1\u017enice, wo die Teilnehmer:innen \u00f6sterreichische und tschechische Museen verglichen und die traditionelle Blaudrucktechnik kennenlernten. Ein H\u00f6hepunkt war abends eine Modenschau, bei der die Sch\u00fcler:innen der Modeschule ihre entworfenen Kleider pr\u00e4sentierten.<\/p>\n\n\n\n<p>Am Samstag fuhren die Sch\u00fcler:innen weiter nach Prag, wo sie zwei Tage damit verbrachten, die Stadt durch selbstgesteuerte Touren zu erkunden. Sie besuchten Ausstellungen und Museen, darunter die Tim-Burton-Ausstellung und das Franz-Kafka-Museum. Ein gemeinsamer Besuch des Prager Schlosskomplexes rundete das Programm ab. Eine Aufgabe war, dass die Sch\u00fcler:innen ihre Eindr\u00fccke des touristischen Angebots in Gruppenvideos pr\u00e4sentierten, damit die Schulkolleg:innen zuhause ebenso die Reiset\u00e4tigkeit mitverfolgen konnten, was weiters durch die t\u00e4glichen Vlogs, die die Sch\u00fcler:innen mit viel Spa\u00df aufnahmen, geschah.<\/p>\n\n\n\n<p>Die Reise setzte sich am Montag mit einer Busfahrt nach Jihlava fort, wo die Sch\u00fcler:innen der HLW herzlich an der OZS Jihlava willkommen gehei\u00dfen wurden. Nach einer Schulbesichtigung und einer englischen Unterrichtseinheit erkundeten sie die Sehensw\u00fcrdigkeiten von Jihlava<\/p>\n\n\n\n<p>Am Dienstag stand ein gemeinsamer Ausflug zur Burg Jarom\u011b\u0159ice nad Rokytnou auf dem Programm, bei dem die Sch\u00fcler:innen einzelne R\u00e4ume der Burg pr\u00e4sentierten und Freizeit im Park genossen. Ein Highlight war das abendliche Lagerfeuer mit Grillen beim Internat der OZS.<\/p>\n\n\n\n<p>Der Mittwoch begann mit einem Foto- und Videoworkshop, wo erfahrene tschechische Sch\u00fcler:innen ihre Kenntnisse vorzeigten z.B. Videoaufnahmen mit Drohnen. Viel gelacht hatten die Sch\u00fcler:innen bei den Videoaufnahmen vor dem green-screen, wo touristische Angebote auf Englisch und teils Tschechisch vorgestellt wurden.<\/p>\n\n\n\n<p>Nachmittags gings mit dem Bus nach Brtnice, dem Geburtsort von Josef Hoffmann. Die Sch\u00fcler:innen besuchten das Josef-Hoffmann-Museum, wo sie seine Designprinzipien studierten und Tapetenmuster entwarfen, die sie pr\u00e4sentierten und diskutierten.<\/p>\n\n\n\n<p>Der Donnerstag begann sportlich mit einem Volleyballturnier. Der letzte Programmpunkt vor der Heimreise am Freitag war ein Besuch im Zoo, bei dem die Sch\u00fcler:innen in Gruppen Tiere malten und ihre Ans\u00e4tze verglichen.<\/p>\n\n\n\n<p>Insgesamt war Reise nach Tschechien eine unvergessliche Erfahrung f\u00fcr alle Beteiligten<\/p>\n\n\n\n<p>Aufeinander zugehen, in einer Fremdsprache kommunizieren, gemeinsam Dinge erarbeiten, green travel, u.v.m. das macht unsere Sch\u00fcler:innen \u201eFit for the future!\u201c<\/p>\n\n\n\n<p>Vielen Dank an die Sch\u00fcler:innen und Lehrer:innen sowie Direktion unsere <strong>Partnerschulen, OA, VO\u0160Z und SZ\u0160, SO\u0160S Jihlava und St\u0159edn\u00ed \u0161kola Str\u00e1\u017enice<\/strong>, die uns herzlich aufgenommen haben und <strong>Prof. Jana Tunkova<\/strong>, die die intensive Reise so toll organisiert hat!<\/p>\n\n\n\n<hr class=\"wp-block-separator has-alpha-channel-opacity\"\/>\n\n\n\n<div class=\"wp-block-media-text is-stacked-on-mobile\"><figure class=\"wp-block-media-text__media\"><img loading=\"lazy\" decoding=\"async\" width=\"936\" height=\"197\" src=\"https:\/\/hlwhollabrunn.ac.at\/web2\/wp-content\/uploads\/2024\/08\/Erasmus_Logo_Englisch-936x197.webp\" alt=\"Tschechienreise - Erasmus\" class=\"wp-image-19774 size-full\" srcset=\"https:\/\/hlwhollabrunn.ac.at\/web2\/wp-content\/uploads\/2024\/08\/Erasmus_Logo_Englisch-936x197.webp 936w, https:\/\/hlwhollabrunn.ac.at\/web2\/wp-content\/uploads\/2024\/08\/Erasmus_Logo_Englisch-632x133.webp 632w, https:\/\/hlwhollabrunn.ac.at\/web2\/wp-content\/uploads\/2024\/08\/Erasmus_Logo_Englisch-200x42.webp 200w, https:\/\/hlwhollabrunn.ac.at\/web2\/wp-content\/uploads\/2024\/08\/Erasmus_Logo_Englisch-768x161.webp 768w, https:\/\/hlwhollabrunn.ac.at\/web2\/wp-content\/uploads\/2024\/08\/Erasmus_Logo_Englisch.webp 1200w\" sizes=\"auto, (max-width: 936px) 100vw, 936px\" \/><\/figure><div class=\"wp-block-media-text__content\">\n<p>\u201eVon der Europ\u00e4ischen Union finanziert. Die ge\u00e4u\u00dferten Ansichten und Meinungen entsprechen jedoch ausschlie\u00dflich denen des Autors bzw. der Autoren und spiegeln nicht zwingend die der Europ\u00e4ischen Union oder der OeAD-GmbH wider. Weder die Europ\u00e4ische Union noch die OeAD-GmbH k\u00f6nnen daf\u00fcr verantwortlich gemacht werden.\u201c<\/p>\n<\/div><\/div>\n\n\n\n<h6 class=\"wp-block-heading\">D. Kurzbauer<\/h6>\n","protected":false},"excerpt":{"rendered":"<p>Erasmus+ Reise nach Tschechien Eine spannende und lehrreiche Zeit erlebten 16 ausgew\u00e4hlte Sch\u00fcler:innen des Kreativzweiges der HLW Hollabrunn in Tschechien. Vom 12. bis zum 21. &#8230; <\/p>\n<p class=\"read-more-container\"><a title=\"Kultureller Austausch und praktisches Lernen\" class=\"read-more button\" href=\"https:\/\/hlwhollabrunn.ac.at\/web2\/kultureller-austausch-und-praktisches-lernen\/#more-19760\" aria-label=\"Mehr Informationen \u00fcber Kultureller Austausch und praktisches Lernen\">Weiterlesen &#8230;<\/a><\/p>\n","protected":false},"author":1,"featured_media":19773,"comment_status":"closed","ping_status":"closed","sticky":false,"template":"","format":"standard","meta":{"_uag_custom_page_level_css":"","footnotes":""},"categories":[29,5],"tags":[],"wf_post_folders":[128],"class_list":["post-19760","post","type-post","status-publish","format-standard","has-post-thumbnail","hentry","category-alle-beitraege","category-darauf-sind-wir-stolz","masonry-post","generate-columns","tablet-grid-50","mobile-grid-100","grid-parent","grid-50","no-featured-image-padding"],"uagb_featured_image_src":{"full":["https:\/\/hlwhollabrunn.ac.at\/web2\/wp-content\/uploads\/2024\/08\/bb_tschechien_eraasmus.webp",936,585,false],"thumbnail":["https:\/\/hlwhollabrunn.ac.at\/web2\/wp-content\/uploads\/2024\/08\/bb_tschechien_eraasmus-200x125.webp",200,125,true],"medium":["https:\/\/hlwhollabrunn.ac.at\/web2\/wp-content\/uploads\/2024\/08\/bb_tschechien_eraasmus-632x395.webp",632,395,true],"medium_large":["https:\/\/hlwhollabrunn.ac.at\/web2\/wp-content\/uploads\/2024\/08\/bb_tschechien_eraasmus-768x480.webp",768,480,true],"large":["https:\/\/hlwhollabrunn.ac.at\/web2\/wp-content\/uploads\/2024\/08\/bb_tschechien_eraasmus.webp",936,585,false],"1536x1536":["https:\/\/hlwhollabrunn.ac.at\/web2\/wp-content\/uploads\/2024\/08\/bb_tschechien_eraasmus.webp",936,585,false],"2048x2048":["https:\/\/hlwhollabrunn.ac.at\/web2\/wp-content\/uploads\/2024\/08\/bb_tschechien_eraasmus.webp",936,585,false],"sow-carousel-default":["https:\/\/hlwhollabrunn.ac.at\/web2\/wp-content\/uploads\/2024\/08\/bb_tschechien_eraasmus-272x182.webp",272,182,true]},"uagb_author_info":{"display_name":"Leo Ertl - HLW Hollabrunn","author_link":"https:\/\/hlwhollabrunn.ac.at\/web2\/author\/leoertl_cupar_17\/"},"uagb_comment_info":0,"uagb_excerpt":"Erasmus+ Reise nach Tschechien Eine spannende und lehrreiche Zeit erlebten 16 ausgew\u00e4hlte Sch\u00fcler:innen des Kreativzweiges der HLW Hollabrunn in Tschechien. Vom 12. bis zum 21. ... Weiterlesen ...","_links":{"self":[{"href":"https:\/\/hlwhollabrunn.ac.at\/web2\/wp-json\/wp\/v2\/posts\/19760","targetHints":{"allow":["GET"]}}],"collection":[{"href":"https:\/\/hlwhollabrunn.ac.at\/web2\/wp-json\/wp\/v2\/posts"}],"about":[{"href":"https:\/\/hlwhollabrunn.ac.at\/web2\/wp-json\/wp\/v2\/types\/post"}],"author":[{"embeddable":true,"href":"https:\/\/hlwhollabrunn.ac.at\/web2\/wp-json\/wp\/v2\/users\/1"}],"replies":[{"embeddable":true,"href":"https:\/\/hlwhollabrunn.ac.at\/web2\/wp-json\/wp\/v2\/comments?post=19760"}],"version-history":[{"count":8,"href":"https:\/\/hlwhollabrunn.ac.at\/web2\/wp-json\/wp\/v2\/posts\/19760\/revisions"}],"predecessor-version":[{"id":19808,"href":"https:\/\/hlwhollabrunn.ac.at\/web2\/wp-json\/wp\/v2\/posts\/19760\/revisions\/19808"}],"wp:featuredmedia":[{"embeddable":true,"href":"https:\/\/hlwhollabrunn.ac.at\/web2\/wp-json\/wp\/v2\/media\/19773"}],"wp:attachment":[{"href":"https:\/\/hlwhollabrunn.ac.at\/web2\/wp-json\/wp\/v2\/media?parent=19760"}],"wp:term":[{"taxonomy":"category","embeddable":true,"href":"https:\/\/hlwhollabrunn.ac.at\/web2\/wp-json\/wp\/v2\/categories?post=19760"},{"taxonomy":"post_tag","embeddable":true,"href":"https:\/\/hlwhollabrunn.ac.at\/web2\/wp-json\/wp\/v2\/tags?post=19760"},{"taxonomy":"wf_post_folders","embeddable":true,"href":"https:\/\/hlwhollabrunn.ac.at\/web2\/wp-json\/wp\/v2\/wf_post_folders?post=19760"}],"curies":[{"name":"wp","href":"https:\/\/api.w.org\/{rel}","templated":true}]}}