{"id":17389,"date":"2022-05-31T19:11:20","date_gmt":"2022-05-31T18:11:20","guid":{"rendered":"https:\/\/hlwhollabrunn.ac.at\/web2\/?p=17389"},"modified":"2022-06-03T08:34:21","modified_gmt":"2022-06-03T07:34:21","slug":"mit-dem-werkstatt-in-der-schule-guetesiegel-ausgezeichnet","status":"publish","type":"post","link":"https:\/\/hlwhollabrunn.ac.at\/web2\/mit-dem-werkstatt-in-der-schule-guetesiegel-ausgezeichnet\/","title":{"rendered":"Mit dem \u201eWERKSTATT in der SCHULE\u201c-G\u00fctesiegel ausgezeichnet!"},"content":{"rendered":"\n<figure class=\"wp-block-image size-large\"><a href=\"https:\/\/hlwhollabrunn.ac.at\/web2\/wp-content\/uploads\/2022\/05\/werkstatt01_compressed.jpg\"><img loading=\"lazy\" decoding=\"async\" width=\"936\" height=\"624\" src=\"https:\/\/hlwhollabrunn.ac.at\/web2\/wp-content\/uploads\/2022\/05\/werkstatt01_compressed-936x624.jpg\" alt=\"Werkstatt Schule\" class=\"wp-image-17391\" srcset=\"https:\/\/hlwhollabrunn.ac.at\/web2\/wp-content\/uploads\/2022\/05\/werkstatt01_compressed-936x624.jpg 936w, https:\/\/hlwhollabrunn.ac.at\/web2\/wp-content\/uploads\/2022\/05\/werkstatt01_compressed-632x421.jpg 632w, https:\/\/hlwhollabrunn.ac.at\/web2\/wp-content\/uploads\/2022\/05\/werkstatt01_compressed-200x133.jpg 200w, https:\/\/hlwhollabrunn.ac.at\/web2\/wp-content\/uploads\/2022\/05\/werkstatt01_compressed-768x512.jpg 768w, https:\/\/hlwhollabrunn.ac.at\/web2\/wp-content\/uploads\/2022\/05\/werkstatt01_compressed-272x182.jpg 272w, https:\/\/hlwhollabrunn.ac.at\/web2\/wp-content\/uploads\/2022\/05\/werkstatt01_compressed.jpg 1200w\" sizes=\"auto, (max-width: 936px) 100vw, 936px\" \/><\/a><\/figure>\n\n\n\n<p>Seit Jahren tr\u00e4gt die HLW Hollabrunn bereits das Kreativ-G\u00fctesiegel \u201eSingende klingende Schule\u201c f\u00fcr herausragende musikalische Projekte wie die erfolgreichen Musicals oder das Musicaldinner.<\/p>\n\n\n\n<p>2022 wurde seitens der Bildungsdirektion N\u00d6 erstmals ein G\u00fctesiegel f\u00fcr Schulen mit Werkunterricht ausgeschrieben. Zwar gibt es an unserem Schultyp HLW kein Unterrichtsfach \u201eTechnik und Design\u201c (so wird Werken in Zukunft hei\u00dfen) \u2013 jedoch ist Technik und Design in der Schule eng mit der Produktgestaltung verkn\u00fcpft. Speziell in unserer Vertiefung Kreativwerkstatt finden immer wieder Kooperationen mit Verlagen und Firmen statt, die gemeinsam mit den Sch\u00fcler:innen Produkte entwerfen und produzieren.<\/p>\n\n\n<div class=\"wp-block-image\">\n<figure class=\"alignright size-full is-resized\"><a href=\"https:\/\/hlwhollabrunn.ac.at\/web2\/wp-content\/uploads\/2022\/06\/150-Jahre-Nordwestbahn_compressed.jpg\"><img loading=\"lazy\" decoding=\"async\" src=\"https:\/\/hlwhollabrunn.ac.at\/web2\/wp-content\/uploads\/2022\/06\/150-Jahre-Nordwestbahn_compressed.jpg\" alt=\"150 Jahre Nordwestbahn\" class=\"wp-image-17406\" width=\"252\" height=\"355\" srcset=\"https:\/\/hlwhollabrunn.ac.at\/web2\/wp-content\/uploads\/2022\/06\/150-Jahre-Nordwestbahn_compressed.jpg 851w, https:\/\/hlwhollabrunn.ac.at\/web2\/wp-content\/uploads\/2022\/06\/150-Jahre-Nordwestbahn_compressed-632x891.jpg 632w, https:\/\/hlwhollabrunn.ac.at\/web2\/wp-content\/uploads\/2022\/06\/150-Jahre-Nordwestbahn_compressed-200x282.jpg 200w, https:\/\/hlwhollabrunn.ac.at\/web2\/wp-content\/uploads\/2022\/06\/150-Jahre-Nordwestbahn_compressed-768x1083.jpg 768w\" sizes=\"auto, (max-width: 252px) 100vw, 252px\" \/><\/a><\/figure><\/div>\n\n\n<p>Die HLW reichte die beiden Projekte<strong> \u201e150 Jahre Nordwestbahn\u201c<\/strong> (ein mit knapp 1000 St\u00fcck aufgelegtes Jubil\u00e4ums-Fachbuch \u00fcber die Bahnlinie zwischen Wien und Znaim) und <strong>\u201eA K\u00f6llapartie\u201c<\/strong> (ein bereits entworfenes und im Herbst mit 1000 St\u00fcck produziertes Brettspiel anl\u00e4sslich 100 Jahre N\u00d6) ein. Weil diese beiden Produkte f\u00fcr eine reale Umsetzung in der Kreativwerkstatt entwickelt wurden, erhielt die HLW Hollabrunn f\u00fcr die Gestaltung in der Vertiefung schon im ersten Jahr der Verleihung das G\u00fctesiegel <strong>\u201eWERKSTATT in der SCHULE\u201c<\/strong>. Unter nur 24 ausgezeichneten Schulen in ganz N\u00d6 ist die HLW Hollabrunn die einzige BHS mit diesem G\u00fctesiegel!<\/p>\n\n\n\n<p>In Vertretung von Frau Direktorin Mag. Marion Hofmann durfte Mag. Dr. Cornelia K\u00fcnstler gemeinsam mit Kreativlehrer Mag. Werner Prokop das G\u00fctesiegel von Bildungsdirektor Mag. Johann Heuras (4.v.l.) und Fachinspektor Mag. Andreas Gruber (ganz li.) sowie Schulqualit\u00e4tsmanagerin Mag. Verena Maschek, BEd. entgegennehmen. Die Feier fand am 24. Mai 2022 in St. P\u00f6lten statt.<\/p>\n\n\n\n<h6 class=\"wp-block-heading\">HLW Hollabrunn<\/h6>\n","protected":false},"excerpt":{"rendered":"<p>Seit Jahren tr\u00e4gt die HLW Hollabrunn bereits das Kreativ-G\u00fctesiegel \u201eSingende klingende Schule\u201c f\u00fcr herausragende musikalische Projekte wie die erfolgreichen Musicals oder das Musicaldinner. 2022 wurde &#8230; <\/p>\n<p class=\"read-more-container\"><a title=\"Mit dem \u201eWERKSTATT in der SCHULE\u201c-G\u00fctesiegel ausgezeichnet!\" class=\"read-more button\" href=\"https:\/\/hlwhollabrunn.ac.at\/web2\/mit-dem-werkstatt-in-der-schule-guetesiegel-ausgezeichnet\/#more-17389\" aria-label=\"Mehr Informationen \u00fcber Mit dem \u201eWERKSTATT in der SCHULE\u201c-G\u00fctesiegel ausgezeichnet!\">Weiterlesen &#8230;<\/a><\/p>\n","protected":false},"author":1,"featured_media":17392,"comment_status":"closed","ping_status":"closed","sticky":false,"template":"","format":"standard","meta":{"_uag_custom_page_level_css":"","footnotes":""},"categories":[29,5],"tags":[],"wf_post_folders":[129],"class_list":["post-17389","post","type-post","status-publish","format-standard","has-post-thumbnail","hentry","category-alle-beitraege","category-darauf-sind-wir-stolz","masonry-post","generate-columns","tablet-grid-50","mobile-grid-100","grid-parent","grid-50","no-featured-image-padding"],"uagb_featured_image_src":{"full":["https:\/\/hlwhollabrunn.ac.at\/web2\/wp-content\/uploads\/2022\/05\/werkstatt_logo_bb_compressed.jpg",956,715,false],"thumbnail":["https:\/\/hlwhollabrunn.ac.at\/web2\/wp-content\/uploads\/2022\/05\/werkstatt_logo_bb_compressed-200x150.jpg",200,150,true],"medium":["https:\/\/hlwhollabrunn.ac.at\/web2\/wp-content\/uploads\/2022\/05\/werkstatt_logo_bb_compressed-632x473.jpg",632,473,true],"medium_large":["https:\/\/hlwhollabrunn.ac.at\/web2\/wp-content\/uploads\/2022\/05\/werkstatt_logo_bb_compressed-768x574.jpg",768,574,true],"large":["https:\/\/hlwhollabrunn.ac.at\/web2\/wp-content\/uploads\/2022\/05\/werkstatt_logo_bb_compressed-936x700.jpg",936,700,true],"1536x1536":["https:\/\/hlwhollabrunn.ac.at\/web2\/wp-content\/uploads\/2022\/05\/werkstatt_logo_bb_compressed.jpg",956,715,false],"2048x2048":["https:\/\/hlwhollabrunn.ac.at\/web2\/wp-content\/uploads\/2022\/05\/werkstatt_logo_bb_compressed.jpg",956,715,false],"sow-carousel-default":["https:\/\/hlwhollabrunn.ac.at\/web2\/wp-content\/uploads\/2022\/05\/werkstatt_logo_bb_compressed-272x182.jpg",272,182,true]},"uagb_author_info":{"display_name":"Leo Ertl - HLW Hollabrunn","author_link":"https:\/\/hlwhollabrunn.ac.at\/web2\/author\/leoertl_cupar_17\/"},"uagb_comment_info":0,"uagb_excerpt":"Seit Jahren tr\u00e4gt die HLW Hollabrunn bereits das Kreativ-G\u00fctesiegel \u201eSingende klingende Schule\u201c f\u00fcr herausragende musikalische Projekte wie die erfolgreichen Musicals oder das Musicaldinner. 2022 wurde ... Weiterlesen ...","_links":{"self":[{"href":"https:\/\/hlwhollabrunn.ac.at\/web2\/wp-json\/wp\/v2\/posts\/17389","targetHints":{"allow":["GET"]}}],"collection":[{"href":"https:\/\/hlwhollabrunn.ac.at\/web2\/wp-json\/wp\/v2\/posts"}],"about":[{"href":"https:\/\/hlwhollabrunn.ac.at\/web2\/wp-json\/wp\/v2\/types\/post"}],"author":[{"embeddable":true,"href":"https:\/\/hlwhollabrunn.ac.at\/web2\/wp-json\/wp\/v2\/users\/1"}],"replies":[{"embeddable":true,"href":"https:\/\/hlwhollabrunn.ac.at\/web2\/wp-json\/wp\/v2\/comments?post=17389"}],"version-history":[{"count":3,"href":"https:\/\/hlwhollabrunn.ac.at\/web2\/wp-json\/wp\/v2\/posts\/17389\/revisions"}],"predecessor-version":[{"id":17409,"href":"https:\/\/hlwhollabrunn.ac.at\/web2\/wp-json\/wp\/v2\/posts\/17389\/revisions\/17409"}],"wp:featuredmedia":[{"embeddable":true,"href":"https:\/\/hlwhollabrunn.ac.at\/web2\/wp-json\/wp\/v2\/media\/17392"}],"wp:attachment":[{"href":"https:\/\/hlwhollabrunn.ac.at\/web2\/wp-json\/wp\/v2\/media?parent=17389"}],"wp:term":[{"taxonomy":"category","embeddable":true,"href":"https:\/\/hlwhollabrunn.ac.at\/web2\/wp-json\/wp\/v2\/categories?post=17389"},{"taxonomy":"post_tag","embeddable":true,"href":"https:\/\/hlwhollabrunn.ac.at\/web2\/wp-json\/wp\/v2\/tags?post=17389"},{"taxonomy":"wf_post_folders","embeddable":true,"href":"https:\/\/hlwhollabrunn.ac.at\/web2\/wp-json\/wp\/v2\/wf_post_folders?post=17389"}],"curies":[{"name":"wp","href":"https:\/\/api.w.org\/{rel}","templated":true}]}}