{"id":14594,"date":"2021-10-08T07:03:09","date_gmt":"2021-10-08T05:03:09","guid":{"rendered":"https:\/\/hlwhollabrunn.ac.at\/web\/?p=14594"},"modified":"2023-05-02T06:04:40","modified_gmt":"2023-05-02T05:04:40","slug":"weitere-vier-jahre-mit-dem-umweltzeichen-ausgezeichnet","status":"publish","type":"post","link":"https:\/\/hlwhollabrunn.ac.at\/web2\/weitere-vier-jahre-mit-dem-umweltzeichen-ausgezeichnet\/","title":{"rendered":"Weitere vier Jahre Umweltzeichen"},"content":{"rendered":"\n<p>Am 4.10.2021 wurde der HLW\/FW Hollabrunn die Urkunde f\u00fcr die Erlangung des Umweltzeichens in Wien \u00fcberreicht. In einer feierlichen Stunde \u00fcberreichten Herr <strong>Bundesminister Dr. Heinz Fa\u00dfmann<\/strong> und Herr <strong>BMK-Generalsekret\u00e4r&nbsp;DI Herbert Kasser<\/strong>&nbsp;die Urkunden.<\/p>\n\n\n\n<p>Fachvorst\u00e4ndin <strong>Katharina Eckl<\/strong> nahm die Urkunde f\u00fcr die HLW\/FW Hollabrunn entgegen.&nbsp;<\/p>\n\n\n\n<div style=\"height:42px\" aria-hidden=\"true\" class=\"wp-block-spacer\"><\/div>\n\n\n\n<h3 class=\"wp-block-heading\"><strong>Wof\u00fcr steht das Umweltzeichen an der HLW Hollabrunn?<\/strong>&nbsp;<\/h3>\n\n\n\n<p><strong>Es <\/strong><strong>steht<\/strong><strong> f\u00fcr<\/strong>&nbsp;<\/p>\n\n\n\n<ul class=\"wp-block-list\">\n<li>den Wohlf\u00fchlfaktor an unserer Schule&nbsp;<\/li>\n\n\n\n<li>ein&nbsp;besseres&nbsp;Lernklima&nbsp;<\/li>\n\n\n\n<li>Teamarbeit und gute Kommunikation&nbsp;&nbsp;<\/li>\n\n\n\n<li>die kreative Gestaltung unserer Klassenr\u00e4ume&nbsp;<\/li>\n\n\n\n<li>die Einsparungen von Wasser, Energie, Papier und Kopierkosten&nbsp;<\/li>\n\n\n\n<li>die vielen sportlichen Aktivit\u00e4ten und Wettbewerbe&nbsp;<\/li>\n\n\n\n<li>das Angebot an regionalen &amp; biologischen Produkten&nbsp;&nbsp;<\/li>\n\n\n\n<li>das Miteinander&nbsp;&nbsp;<\/li>\n\n\n\n<li>und den gemeinsamen Gedanken Schritt f\u00fcr Schritt etwas ver\u00e4ndern zu k\u00f6nnen.&nbsp;&nbsp;<\/li>\n<\/ul>\n\n\n\n<p>Wir sind stolz, das Umweltzeichen f\u00fcr weitere vier Jahre tragen zu d\u00fcrfen und freuen uns daran gemeinsam weiterzuarbeiten!<br>&nbsp;<\/p>\n\n\n\n<h6 class=\"wp-block-heading\">Eckl, Sch\u00f6nauer<\/h6>\n\n\n\n<p>Bild von \u00a9&nbsp;<strong>William Tadros\/BMK<\/strong><\/p>\n","protected":false},"excerpt":{"rendered":"<p>Am 4.10.2021 wurde der HLW\/FW Hollabrunn die Urkunde f\u00fcr die Erlangung des Umweltzeichens in Wien \u00fcberreicht. In einer feierlichen Stunde \u00fcberreichten Herr Bundesminister Dr. Heinz &#8230; <\/p>\n<p class=\"read-more-container\"><a title=\"Weitere vier Jahre Umweltzeichen\" class=\"read-more button\" href=\"https:\/\/hlwhollabrunn.ac.at\/web2\/weitere-vier-jahre-mit-dem-umweltzeichen-ausgezeichnet\/#more-14594\" aria-label=\"Mehr Informationen \u00fcber Weitere vier Jahre Umweltzeichen\">Weiterlesen &#8230;<\/a><\/p>\n","protected":false},"author":1,"featured_media":15120,"comment_status":"closed","ping_status":"closed","sticky":false,"template":"","format":"standard","meta":{"_uag_custom_page_level_css":"","footnotes":""},"categories":[29,5,31],"tags":[],"wf_post_folders":[129],"class_list":["post-14594","post","type-post","status-publish","format-standard","has-post-thumbnail","hentry","category-alle-beitraege","category-darauf-sind-wir-stolz","category-umweltzeichen","masonry-post","generate-columns","tablet-grid-50","mobile-grid-100","grid-parent","grid-50","no-featured-image-padding"],"uagb_featured_image_src":{"full":["https:\/\/hlwhollabrunn.ac.at\/web2\/wp-content\/uploads\/2021\/10\/bb_compressed-3.jpg",936,702,false],"thumbnail":["https:\/\/hlwhollabrunn.ac.at\/web2\/wp-content\/uploads\/2021\/10\/bb_compressed-3-200x150.jpg",200,150,true],"medium":["https:\/\/hlwhollabrunn.ac.at\/web2\/wp-content\/uploads\/2021\/10\/bb_compressed-3-632x474.jpg",632,474,true],"medium_large":["https:\/\/hlwhollabrunn.ac.at\/web2\/wp-content\/uploads\/2021\/10\/bb_compressed-3-768x576.jpg",768,576,true],"large":["https:\/\/hlwhollabrunn.ac.at\/web2\/wp-content\/uploads\/2021\/10\/bb_compressed-3.jpg",936,702,false],"1536x1536":["https:\/\/hlwhollabrunn.ac.at\/web2\/wp-content\/uploads\/2021\/10\/bb_compressed-3.jpg",936,702,false],"2048x2048":["https:\/\/hlwhollabrunn.ac.at\/web2\/wp-content\/uploads\/2021\/10\/bb_compressed-3.jpg",936,702,false],"sow-carousel-default":["https:\/\/hlwhollabrunn.ac.at\/web2\/wp-content\/uploads\/2021\/10\/bb_compressed-3.jpg",243,182,false]},"uagb_author_info":{"display_name":"Leo Ertl - HLW Hollabrunn","author_link":"https:\/\/hlwhollabrunn.ac.at\/web2\/author\/leoertl_cupar_17\/"},"uagb_comment_info":0,"uagb_excerpt":"Am 4.10.2021 wurde der HLW\/FW Hollabrunn die Urkunde f\u00fcr die Erlangung des Umweltzeichens in Wien \u00fcberreicht. In einer feierlichen Stunde \u00fcberreichten Herr Bundesminister Dr. Heinz ... Weiterlesen ...","_links":{"self":[{"href":"https:\/\/hlwhollabrunn.ac.at\/web2\/wp-json\/wp\/v2\/posts\/14594","targetHints":{"allow":["GET"]}}],"collection":[{"href":"https:\/\/hlwhollabrunn.ac.at\/web2\/wp-json\/wp\/v2\/posts"}],"about":[{"href":"https:\/\/hlwhollabrunn.ac.at\/web2\/wp-json\/wp\/v2\/types\/post"}],"author":[{"embeddable":true,"href":"https:\/\/hlwhollabrunn.ac.at\/web2\/wp-json\/wp\/v2\/users\/1"}],"replies":[{"embeddable":true,"href":"https:\/\/hlwhollabrunn.ac.at\/web2\/wp-json\/wp\/v2\/comments?post=14594"}],"version-history":[{"count":4,"href":"https:\/\/hlwhollabrunn.ac.at\/web2\/wp-json\/wp\/v2\/posts\/14594\/revisions"}],"predecessor-version":[{"id":18313,"href":"https:\/\/hlwhollabrunn.ac.at\/web2\/wp-json\/wp\/v2\/posts\/14594\/revisions\/18313"}],"wp:featuredmedia":[{"embeddable":true,"href":"https:\/\/hlwhollabrunn.ac.at\/web2\/wp-json\/wp\/v2\/media\/15120"}],"wp:attachment":[{"href":"https:\/\/hlwhollabrunn.ac.at\/web2\/wp-json\/wp\/v2\/media?parent=14594"}],"wp:term":[{"taxonomy":"category","embeddable":true,"href":"https:\/\/hlwhollabrunn.ac.at\/web2\/wp-json\/wp\/v2\/categories?post=14594"},{"taxonomy":"post_tag","embeddable":true,"href":"https:\/\/hlwhollabrunn.ac.at\/web2\/wp-json\/wp\/v2\/tags?post=14594"},{"taxonomy":"wf_post_folders","embeddable":true,"href":"https:\/\/hlwhollabrunn.ac.at\/web2\/wp-json\/wp\/v2\/wf_post_folders?post=14594"}],"curies":[{"name":"wp","href":"https:\/\/api.w.org\/{rel}","templated":true}]}}